{"id":4868,"date":"2018-02-04T00:00:00","date_gmt":"2018-02-04T00:00:00","guid":{"rendered":"https:\/\/pruebas.cursopracticoseo.com\/wordpress_o\/el-imaginero-zamorano-ricardo-flecha-inaugura-las-vii-jornadas-de-la-biblioteca-cofrade-de-la-bienaventuranza\/"},"modified":"2018-02-04T00:00:00","modified_gmt":"2018-02-04T00:00:00","slug":"el-imaginero-zamorano-ricardo-flecha-inaugura-las-vii-jornadas-de-la-biblioteca-cofrade-de-la-bienaventuranza","status":"publish","type":"post","link":"https:\/\/pruebas.cursopracticoseo.com\/wordpress_o\/el-imaginero-zamorano-ricardo-flecha-inaugura-las-vii-jornadas-de-la-biblioteca-cofrade-de-la-bienaventuranza\/","title":{"rendered":"El imaginero zamorano Ricardo Flecha inaugura las VII Jornadas de la Biblioteca Cofrade de la Bienaventuranza"},"content":{"rendered":"<p>El imaginero zamorano con ascendencia leonesa, Ricardo Flecha Barrio, inauguraba el pasado 2 de febrero las VII Jornadas de la Biblioteca Cofrade de la Bienaventuranza con la conferencia titulada \u201cXX aniversario de Nuestra Madre de la Piedad\u201d.<\/p>\n<p>Comenz\u00f3 Flecha realizando un recorrido hist\u00f3rico-art\u00edstico sobre la iconograf\u00eda de la Virgen de la Piedad, la representaci\u00f3n de Cristo en brazos de su Madre; un momento del que \u2013apunt\u00f3 el imaginero\u2013 no hablan los evangelios.<\/p>\n<p>A continuaci\u00f3n, prosigui\u00f3 su intervenci\u00f3n recordando el proceso de creaci\u00f3n de la Virgen de la Piedad de la Bienaventuranza, que \u00e9l mismo esculpi\u00f3 \u2013se cumplen en 2018 veinte a\u00f1os\u2013 en madera de cedro; una imagen que quiso cumpliera tres condiciones \u2013importantes, a su modo de ver, en todas las Piedades\u2013: que la Virgen tuviera a Cristo en su regazo; que, con sus brazos, intentara taparle las heridas; y que estuviera en disposici\u00f3n de acercar su cuerpo para besarle.<\/p>\n<p>Ya para finalizar, Ricardo Flecha concluy\u00f3 explicando en qu\u00e9 hab\u00eda consistido el proceso de restauraci\u00f3n que \u00e9l mismo ha llevado a cabo en su taller hace escasas fechas.<\/p>\n","protected":false},"excerpt":{"rendered":"<p>El imaginero zamorano con ascendencia leonesa, Ricardo Flecha Barrio, inauguraba el pasado 2 de febrero las VII Jornadas de la Biblioteca Cofrade de la Bienaventuranza con la conferencia titulada \u201cXX aniversario de Nuestra Madre de la Piedad\u201d. Comenz\u00f3 Flecha realizando un recorrido hist\u00f3rico-art\u00edstico sobre la iconograf\u00eda de la Virgen de la Piedad, la representaci\u00f3n de [&hellip;]<\/p>\n","protected":false},"author":1,"featured_media":0,"comment_status":"open","ping_status":"open","sticky":false,"template":"","format":"standard","meta":{"footnotes":""},"categories":[28],"tags":[],"class_list":["post-4868","post","type-post","status-publish","format-standard","hentry","category-historico"],"_links":{"self":[{"href":"https:\/\/pruebas.cursopracticoseo.com\/wordpress_o\/wp-json\/wp\/v2\/posts\/4868","targetHints":{"allow":["GET"]}}],"collection":[{"href":"https:\/\/pruebas.cursopracticoseo.com\/wordpress_o\/wp-json\/wp\/v2\/posts"}],"about":[{"href":"https:\/\/pruebas.cursopracticoseo.com\/wordpress_o\/wp-json\/wp\/v2\/types\/post"}],"author":[{"embeddable":true,"href":"https:\/\/pruebas.cursopracticoseo.com\/wordpress_o\/wp-json\/wp\/v2\/users\/1"}],"replies":[{"embeddable":true,"href":"https:\/\/pruebas.cursopracticoseo.com\/wordpress_o\/wp-json\/wp\/v2\/comments?post=4868"}],"version-history":[{"count":0,"href":"https:\/\/pruebas.cursopracticoseo.com\/wordpress_o\/wp-json\/wp\/v2\/posts\/4868\/revisions"}],"wp:attachment":[{"href":"https:\/\/pruebas.cursopracticoseo.com\/wordpress_o\/wp-json\/wp\/v2\/media?parent=4868"}],"wp:term":[{"taxonomy":"category","embeddable":true,"href":"https:\/\/pruebas.cursopracticoseo.com\/wordpress_o\/wp-json\/wp\/v2\/categories?post=4868"},{"taxonomy":"post_tag","embeddable":true,"href":"https:\/\/pruebas.cursopracticoseo.com\/wordpress_o\/wp-json\/wp\/v2\/tags?post=4868"}],"curies":[{"name":"wp","href":"https:\/\/api.w.org\/{rel}","templated":true}]}}