{"id":4867,"date":"2018-02-06T00:00:00","date_gmt":"2018-02-06T00:00:00","guid":{"rendered":"https:\/\/pruebas.cursopracticoseo.com\/wordpress_o\/la-agrupacion-musical-de-la-bienaventuranza-presenta-su-disco-suenos-de-un-ayer-en-su-sexto-aniversario\/"},"modified":"2018-02-06T00:00:00","modified_gmt":"2018-02-06T00:00:00","slug":"la-agrupacion-musical-de-la-bienaventuranza-presenta-su-disco-suenos-de-un-ayer-en-su-sexto-aniversario","status":"publish","type":"post","link":"https:\/\/pruebas.cursopracticoseo.com\/wordpress_o\/la-agrupacion-musical-de-la-bienaventuranza-presenta-su-disco-suenos-de-un-ayer-en-su-sexto-aniversario\/","title":{"rendered":"La Agrupaci\u00f3n Musical de La Bienaventuranza presenta su disco \u201cSue\u00f1os de un ayer\u201d en su sexto aniversario"},"content":{"rendered":"<p>La Agrupaci\u00f3n Musical de la Cofrad\u00eda del Santo Cristo de la Bienaventuranza de Le\u00f3n presentaba el pasado domingo, 4 de febrero, su primer trabajo discogr\u00e1fico: \u201cSue\u00f1os de un ayer\u201d. Y lo hac\u00eda el mismo d\u00eda en que \u2018cumpl\u00eda\u2019 seis a\u00f1os de vida, en un concierto solidario en el Auditorio Ciudad de Le\u00f3n \u2013para el que se hab\u00edan agotado las entradas\u2013 en favor de las conferencias de San Vicente de Pa\u00fal del barrio de San Claudio.<\/p>\n<p>Presentado por Carlos Garc\u00eda Rioja, que fue recorriendo en sus intervenciones algunos de los momentos m\u00e1s relevantes en la historia de la agrupaci\u00f3n y de la propia cofrad\u00eda, la formaci\u00f3n musical interpret\u00f3 en total diez marchas \u2013quince, incluyendo la introducci\u00f3n, el bis y el Himno a Espa\u00f1a\u2013 acompa\u00f1adas de diferentes im\u00e1genes proyectadas, desde el proceso de grabaci\u00f3n del disco hasta intervenciones de algunos compositores, pasando por distintas procesiones.<\/p>\n<p>De entre los muchos momentos especiales que dej\u00f3 el concierto, quiz\u00e1 quepan rese\u00f1arse dos de ellos: por un lado, la interpretaci\u00f3n de la marcha \u201cSanto Cristo de la Bienaventuranza\u201d, de Alejandro Blanco Hern\u00e1ndez, que fue interpretada sin percusi\u00f3n a las \u00f3rdenes de la batuta de Jos\u00e9 \u00c1ngel Santo Tom\u00e1s al tiempo que Laura Cordero Carro recitaba su poema \u201c\u00bfQu\u00e9 habr\u00e1 en esa Cara?\u201d; y, por otra parte, la presentaci\u00f3n de la portada del disco, obra de Luis Reyero y Laura Rodr\u00edguez del Amo.<\/p>\n<p>\u201cSue\u00f1os de un ayer\u201d, ya a la venta<\/p>\n<p>\u201cSue\u00f1os de un ayer\u201d, el primer trabajo discogr\u00e1fico de la agrupaci\u00f3n musical de La Bienaventuranza, toma su t\u00edtulo de una de las 20 marchas que contiene \u2013la gran mayor\u00eda propias\u2013, compuesta por Jos\u00e9 \u00c1ngel Tom\u00e1s, inspirada en una ma\u00f1ana de Jueves Santo y dedicada a todos los componentes de esta formaci\u00f3n musical.<\/p>\n<p>El disco, que puede ya ser adquirido al precio de 15 euros en la sede de la cofrad\u00eda (C\/ Cipriano de la Huerga, 10), ha sido grabado en los estudios Music Center de la capital leonesa \u2013con Manolo Rodr\u00edguez y \u00c1ngel Rodr\u00edguez como t\u00e9cnicos de sonido\u2013 culminando dos a\u00f1os de trabajo y seis de trayectoria de esta agrupaci\u00f3n musical.<\/p>\n","protected":false},"excerpt":{"rendered":"<p>La Agrupaci\u00f3n Musical de la Cofrad\u00eda del Santo Cristo de la Bienaventuranza de Le\u00f3n presentaba el pasado domingo, 4 de febrero, su primer trabajo discogr\u00e1fico: \u201cSue\u00f1os de un ayer\u201d. Y lo hac\u00eda el mismo d\u00eda en que \u2018cumpl\u00eda\u2019 seis a\u00f1os de vida, en un concierto solidario en el Auditorio Ciudad de Le\u00f3n \u2013para el que [&hellip;]<\/p>\n","protected":false},"author":1,"featured_media":0,"comment_status":"open","ping_status":"open","sticky":false,"template":"","format":"standard","meta":{"footnotes":""},"categories":[28],"tags":[],"class_list":["post-4867","post","type-post","status-publish","format-standard","hentry","category-historico"],"_links":{"self":[{"href":"https:\/\/pruebas.cursopracticoseo.com\/wordpress_o\/wp-json\/wp\/v2\/posts\/4867","targetHints":{"allow":["GET"]}}],"collection":[{"href":"https:\/\/pruebas.cursopracticoseo.com\/wordpress_o\/wp-json\/wp\/v2\/posts"}],"about":[{"href":"https:\/\/pruebas.cursopracticoseo.com\/wordpress_o\/wp-json\/wp\/v2\/types\/post"}],"author":[{"embeddable":true,"href":"https:\/\/pruebas.cursopracticoseo.com\/wordpress_o\/wp-json\/wp\/v2\/users\/1"}],"replies":[{"embeddable":true,"href":"https:\/\/pruebas.cursopracticoseo.com\/wordpress_o\/wp-json\/wp\/v2\/comments?post=4867"}],"version-history":[{"count":0,"href":"https:\/\/pruebas.cursopracticoseo.com\/wordpress_o\/wp-json\/wp\/v2\/posts\/4867\/revisions"}],"wp:attachment":[{"href":"https:\/\/pruebas.cursopracticoseo.com\/wordpress_o\/wp-json\/wp\/v2\/media?parent=4867"}],"wp:term":[{"taxonomy":"category","embeddable":true,"href":"https:\/\/pruebas.cursopracticoseo.com\/wordpress_o\/wp-json\/wp\/v2\/categories?post=4867"},{"taxonomy":"post_tag","embeddable":true,"href":"https:\/\/pruebas.cursopracticoseo.com\/wordpress_o\/wp-json\/wp\/v2\/tags?post=4867"}],"curies":[{"name":"wp","href":"https:\/\/api.w.org\/{rel}","templated":true}]}}