{"id":4865,"date":"2018-02-11T00:00:00","date_gmt":"2018-02-11T00:00:00","guid":{"rendered":"https:\/\/pruebas.cursopracticoseo.com\/wordpress_o\/aitor-alvarez-bardon-diserta-en-las-jornadas-de-la-biblioteca-cofrade-de-la-bienaventuranza-sobre-la-labor-de-vestir-las-imagenes-de-la-virgen\/"},"modified":"2018-02-11T00:00:00","modified_gmt":"2018-02-11T00:00:00","slug":"aitor-alvarez-bardon-diserta-en-las-jornadas-de-la-biblioteca-cofrade-de-la-bienaventuranza-sobre-la-labor-de-vestir-las-imagenes-de-la-virgen","status":"publish","type":"post","link":"https:\/\/pruebas.cursopracticoseo.com\/wordpress_o\/aitor-alvarez-bardon-diserta-en-las-jornadas-de-la-biblioteca-cofrade-de-la-bienaventuranza-sobre-la-labor-de-vestir-las-imagenes-de-la-virgen\/","title":{"rendered":"Aitor \u00c1lvarez Bard\u00f3n diserta en las Jornadas de la Biblioteca Cofrade de la Bienaventuranza sobre la labor de vestir las im\u00e1genes de la Virgen"},"content":{"rendered":"<p>La Cofrad\u00eda del Santo Cristo de la Bienaventuranza de Le\u00f3n celebraba el viernes 9 de febrero la segunda de las sesiones de las VII Jornadas de la Biblioteca Cofrade, en la que Aitor \u00c1lvarez Bard\u00f3n pronunci\u00f3 la conferencia titulada \u201cVestir a la Virgen Mar\u00eda: tradici\u00f3n, devoci\u00f3n y sentido\u201d.<\/p>\n<p>\u00c1lvarez Bard\u00f3n (Le\u00f3n, 1982) es hermano de nueve cofrad\u00edas, de entre ellas seis penitenciales \u2013cinco de Le\u00f3n y una de Sevilla\u2013, y lleva 22 de sus 35 a\u00f1os como vestidor, desde que comenz\u00f3 a aprender esta labor de la mano de Marcelino Gonz\u00e1lez Montiel en la cofrad\u00eda de Angustias de la capital. Hoy se encarga, liderando un equipo de seis personas, de la Virgen de la Misericordia de esta cofrad\u00eda. El vestidor comenz\u00f3 su conferencia pregunt\u00e1ndose por qu\u00e9 se viste una imagen de la Virgen. Y, m\u00e1s all\u00e1 de la obviedad \u2013no tiene cuerpo tallado\u2013, la respuesta radica en lograr que una escultura se convierta en la devoci\u00f3n de muchas personas, dot\u00e1ndola de \u201cpersonalidad\u201d. De hecho, se cambia su atuendo en diferentes momentos del a\u00f1o \u2013Cuaresma, Semana Santa, Pascua, mes de los difuntos, Navidad\u2026\u2013, en un proceso que, al menos en su caso, sigue siempre el mismo \u2018ritual\u2019, y en el que no se tarda menos de dos horas y media.<\/p>\n<p>La tradici\u00f3n de vestir a la Virgen nace en el segundo tercio del siglo XVI. Isabel de Valois \u2013tercera mujer del rey Felipe II\u2013 encarg\u00f3 a Gaspar de Becerra en 1565 la reproducci\u00f3n de un lienzo de la Virgen de la Soledad que trajo consigo de Francia en imagen de candelero, que fue despu\u00e9s vestida con uno de los trajes de luto de Mar\u00eda de la Cueva, condesa viuda de Ure\u00f1a y camarera mayor de la reina. Ser\u00e1 ya a mediados del siglo XIX cuando se definan las tres piezas principales del atuendo de la Virgen \u2013saya, manto y tocado\u2013 y comience a innovarse en la manera de vestirla; una evoluci\u00f3n que desde entonces \u2013y gracias a figuras como Juan Manuel Rodr\u00edguez Ojeda o Pepe Gardu\u00f1o\u2013 no ha parado hasta nuestros d\u00edas.<\/p>\n<p>Por \u00faltimo, Aitor \u00c1lvarez se centr\u00f3 en el caso concreto de la Virgen de la Misericordia, profundizando en los factores que tiene en cuenta a la hora de elegir c\u00f3mo vestirla: la imagen en s\u00ed (proporciones, postura\u2026), el estilo de la cofrad\u00eda, el momento lit\u00fargico, la idiosincrasia del propio vestidor\u2026 y la ropa y enseres con que cuenta \u2013todos ellos, dicho sea de paso fruto de donaciones de devotos\u2013. Y finaliz\u00f3 mostrando distintas fotograf\u00edas de la imagen vestida de diferentes formas.<\/p>\n","protected":false},"excerpt":{"rendered":"<p>La Cofrad\u00eda del Santo Cristo de la Bienaventuranza de Le\u00f3n celebraba el viernes 9 de febrero la segunda de las sesiones de las VII Jornadas de la Biblioteca Cofrade, en la que Aitor \u00c1lvarez Bard\u00f3n pronunci\u00f3 la conferencia titulada \u201cVestir a la Virgen Mar\u00eda: tradici\u00f3n, devoci\u00f3n y sentido\u201d. \u00c1lvarez Bard\u00f3n (Le\u00f3n, 1982) es hermano de [&hellip;]<\/p>\n","protected":false},"author":1,"featured_media":0,"comment_status":"open","ping_status":"open","sticky":false,"template":"","format":"standard","meta":{"footnotes":""},"categories":[28],"tags":[],"class_list":["post-4865","post","type-post","status-publish","format-standard","hentry","category-historico"],"_links":{"self":[{"href":"https:\/\/pruebas.cursopracticoseo.com\/wordpress_o\/wp-json\/wp\/v2\/posts\/4865","targetHints":{"allow":["GET"]}}],"collection":[{"href":"https:\/\/pruebas.cursopracticoseo.com\/wordpress_o\/wp-json\/wp\/v2\/posts"}],"about":[{"href":"https:\/\/pruebas.cursopracticoseo.com\/wordpress_o\/wp-json\/wp\/v2\/types\/post"}],"author":[{"embeddable":true,"href":"https:\/\/pruebas.cursopracticoseo.com\/wordpress_o\/wp-json\/wp\/v2\/users\/1"}],"replies":[{"embeddable":true,"href":"https:\/\/pruebas.cursopracticoseo.com\/wordpress_o\/wp-json\/wp\/v2\/comments?post=4865"}],"version-history":[{"count":0,"href":"https:\/\/pruebas.cursopracticoseo.com\/wordpress_o\/wp-json\/wp\/v2\/posts\/4865\/revisions"}],"wp:attachment":[{"href":"https:\/\/pruebas.cursopracticoseo.com\/wordpress_o\/wp-json\/wp\/v2\/media?parent=4865"}],"wp:term":[{"taxonomy":"category","embeddable":true,"href":"https:\/\/pruebas.cursopracticoseo.com\/wordpress_o\/wp-json\/wp\/v2\/categories?post=4865"},{"taxonomy":"post_tag","embeddable":true,"href":"https:\/\/pruebas.cursopracticoseo.com\/wordpress_o\/wp-json\/wp\/v2\/tags?post=4865"}],"curies":[{"name":"wp","href":"https:\/\/api.w.org\/{rel}","templated":true}]}}