{"id":4862,"date":"2018-02-16T00:00:00","date_gmt":"2018-02-16T00:00:00","guid":{"rendered":"https:\/\/pruebas.cursopracticoseo.com\/wordpress_o\/la-bienaventuranza-clausura-sus-jornadas-de-la-biblioteca-cofrade-con-suenos-de-un-ayer-el-primer-trabajo-discografico-de-su-agrupacion\/"},"modified":"2018-02-16T00:00:00","modified_gmt":"2018-02-16T00:00:00","slug":"la-bienaventuranza-clausura-sus-jornadas-de-la-biblioteca-cofrade-con-suenos-de-un-ayer-el-primer-trabajo-discografico-de-su-agrupacion","status":"publish","type":"post","link":"https:\/\/pruebas.cursopracticoseo.com\/wordpress_o\/la-bienaventuranza-clausura-sus-jornadas-de-la-biblioteca-cofrade-con-suenos-de-un-ayer-el-primer-trabajo-discografico-de-su-agrupacion\/","title":{"rendered":"La Bienaventuranza clausura sus Jornadas de la Biblioteca Cofrade con &#8216;Sue\u00f1os de un ayer&#8217;, el primer trabajo discogr\u00e1fico de su agrupaci\u00f3n"},"content":{"rendered":"<p>La Cofrad\u00eda del Santo Cristo de la Bienaventuranza de Le\u00f3n clausura sus VII Jornadas de la Biblioteca Cofrada el pr\u00f3ximo viernes, 16 de febrero, a partir de las 20:30 h. en la sede de la cofrad\u00eda (C\/ Cipriano de la Huerga, 10).<\/p>\n<p>Y lo hace con el primer trabajo discogr\u00e1fico de su agrupaci\u00f3n musical, \u201cSue\u00f1os de un ayer\u201d, como protagonista, en una conferencia que correr\u00e1 por cuenta de Sergio de Juan Fern\u00e1ndez, director de la agrupaci\u00f3n musical, y por \u00c1ngel Rodr\u00edguez del Amo, ingeniero de sonido de Music Center, que ha estado al frente, con Manolo Rodr\u00edguez, de los aspectos t\u00e9cnicos de la grabaci\u00f3n.<\/p>\n<p>Adem\u00e1s, durante el transcurso de esta \u00faltima sesi\u00f3n, se presentar\u00e1 tambi\u00e9n el cartel de la cofrad\u00eda para esta Semana Santa, que es obra de Luis Reyero.<\/p>\n","protected":false},"excerpt":{"rendered":"<p>La Cofrad\u00eda del Santo Cristo de la Bienaventuranza de Le\u00f3n clausura sus VII Jornadas de la Biblioteca Cofrada el pr\u00f3ximo viernes, 16 de febrero, a partir de las 20:30 h. en la sede de la cofrad\u00eda (C\/ Cipriano de la Huerga, 10). Y lo hace con el primer trabajo discogr\u00e1fico de su agrupaci\u00f3n musical, \u201cSue\u00f1os [&hellip;]<\/p>\n","protected":false},"author":1,"featured_media":0,"comment_status":"open","ping_status":"open","sticky":false,"template":"","format":"standard","meta":{"footnotes":""},"categories":[28],"tags":[],"class_list":["post-4862","post","type-post","status-publish","format-standard","hentry","category-historico"],"_links":{"self":[{"href":"https:\/\/pruebas.cursopracticoseo.com\/wordpress_o\/wp-json\/wp\/v2\/posts\/4862","targetHints":{"allow":["GET"]}}],"collection":[{"href":"https:\/\/pruebas.cursopracticoseo.com\/wordpress_o\/wp-json\/wp\/v2\/posts"}],"about":[{"href":"https:\/\/pruebas.cursopracticoseo.com\/wordpress_o\/wp-json\/wp\/v2\/types\/post"}],"author":[{"embeddable":true,"href":"https:\/\/pruebas.cursopracticoseo.com\/wordpress_o\/wp-json\/wp\/v2\/users\/1"}],"replies":[{"embeddable":true,"href":"https:\/\/pruebas.cursopracticoseo.com\/wordpress_o\/wp-json\/wp\/v2\/comments?post=4862"}],"version-history":[{"count":0,"href":"https:\/\/pruebas.cursopracticoseo.com\/wordpress_o\/wp-json\/wp\/v2\/posts\/4862\/revisions"}],"wp:attachment":[{"href":"https:\/\/pruebas.cursopracticoseo.com\/wordpress_o\/wp-json\/wp\/v2\/media?parent=4862"}],"wp:term":[{"taxonomy":"category","embeddable":true,"href":"https:\/\/pruebas.cursopracticoseo.com\/wordpress_o\/wp-json\/wp\/v2\/categories?post=4862"},{"taxonomy":"post_tag","embeddable":true,"href":"https:\/\/pruebas.cursopracticoseo.com\/wordpress_o\/wp-json\/wp\/v2\/tags?post=4862"}],"curies":[{"name":"wp","href":"https:\/\/api.w.org\/{rel}","templated":true}]}}