{"id":4861,"date":"2018-02-16T00:00:00","date_gmt":"2018-02-16T00:00:00","guid":{"rendered":"https:\/\/pruebas.cursopracticoseo.com\/wordpress_o\/suenos-de-un-ayer-pone-el-punto-final-a-la-biblioteca-cofrade-de-la-bienaventuranza\/"},"modified":"2018-02-16T00:00:00","modified_gmt":"2018-02-16T00:00:00","slug":"suenos-de-un-ayer-pone-el-punto-final-a-la-biblioteca-cofrade-de-la-bienaventuranza","status":"publish","type":"post","link":"https:\/\/pruebas.cursopracticoseo.com\/wordpress_o\/suenos-de-un-ayer-pone-el-punto-final-a-la-biblioteca-cofrade-de-la-bienaventuranza\/","title":{"rendered":"\u201cSue\u00f1os de un ayer\u201d pone el punto final a la Biblioteca Cofrade de la Bienaventuranza"},"content":{"rendered":"<p>La Cofrad\u00eda del Santo Cristo de la Bienaventuranza de Le\u00f3n clausuraba el pasado viernes, 16 de febrero, sus VII Jornadas de la Biblioteca Cofrade con la conferencia titulada \u201cSue\u00f1os de un ayer\u201d, a prop\u00f3sito del primer trabajo discogr\u00e1fico de su agrupaci\u00f3n musical.<\/p>\n<p>Sergio de Juan Fern\u00e1ndez \u2013director de la formaci\u00f3n\u2013 y \u00c1ngel Rodr\u00edguez del Amo \u2013ingeniero de sonido de Music Center, que ha estado al frente, con Manolo Rodr\u00edguez, de los aspectos t\u00e9cnicos\u2013 fueron desgranando c\u00f3mo se ha ido desarrollando este proyecto: grabaci\u00f3n por voces \u2013trece cuerdas, que han supuesto otras tantas sesiones de estudio por cada marcha\u2013, edici\u00f3n, mezcla y m\u00e1ster.<\/p>\n<p>En total, han sido invertidas alrededor de 750 horas de grabaci\u00f3n a lo largo de dos a\u00f1os para que \u201cSue\u00f1os de un ayer\u201d haya sido una realidad, sin contar el dise\u00f1o de car\u00e1tulas y libreto \u2013obra de Luis Reyero y de Laura Rodr\u00edguez del Amo\u2013, en los que destaca la imagen del Santo Cristo de la Bienaventuranza.<\/p>\n<p>Presentado en el Auditorio Ciudad de Le\u00f3n el pasado 4 de febrero, coincidiendo con el sexto aniversario de la agrupaci\u00f3n musical, el disco \u2013que contiene un total de veinte marchas, en su mayor\u00eda propias\u2013 puede ser adquirido al precio de 15 euros, y se encuentra tambi\u00e9n disponible en la plataforma Spotify.<\/p>\n<p>Cartel de Semana Santa<\/p>\n<p>Al finalizar la conferencia, el punto final a la jornada lo puso la presentaci\u00f3n del cartel con el que la cofrad\u00eda anuncia ya la Semana Santa de 2018. Dicho cartel es obra de Luis Reyero y muestra el paso de Nuestra Madre de la Piedad, del imaginero zamorano Ricardo Flecha, que este a\u00f1o celebra su vig\u00e9simo aniversario.<\/p>\n","protected":false},"excerpt":{"rendered":"<p>La Cofrad\u00eda del Santo Cristo de la Bienaventuranza de Le\u00f3n clausuraba el pasado viernes, 16 de febrero, sus VII Jornadas de la Biblioteca Cofrade con la conferencia titulada \u201cSue\u00f1os de un ayer\u201d, a prop\u00f3sito del primer trabajo discogr\u00e1fico de su agrupaci\u00f3n musical. Sergio de Juan Fern\u00e1ndez \u2013director de la formaci\u00f3n\u2013 y \u00c1ngel Rodr\u00edguez del Amo [&hellip;]<\/p>\n","protected":false},"author":1,"featured_media":0,"comment_status":"open","ping_status":"open","sticky":false,"template":"","format":"standard","meta":{"footnotes":""},"categories":[28],"tags":[],"class_list":["post-4861","post","type-post","status-publish","format-standard","hentry","category-historico"],"_links":{"self":[{"href":"https:\/\/pruebas.cursopracticoseo.com\/wordpress_o\/wp-json\/wp\/v2\/posts\/4861","targetHints":{"allow":["GET"]}}],"collection":[{"href":"https:\/\/pruebas.cursopracticoseo.com\/wordpress_o\/wp-json\/wp\/v2\/posts"}],"about":[{"href":"https:\/\/pruebas.cursopracticoseo.com\/wordpress_o\/wp-json\/wp\/v2\/types\/post"}],"author":[{"embeddable":true,"href":"https:\/\/pruebas.cursopracticoseo.com\/wordpress_o\/wp-json\/wp\/v2\/users\/1"}],"replies":[{"embeddable":true,"href":"https:\/\/pruebas.cursopracticoseo.com\/wordpress_o\/wp-json\/wp\/v2\/comments?post=4861"}],"version-history":[{"count":0,"href":"https:\/\/pruebas.cursopracticoseo.com\/wordpress_o\/wp-json\/wp\/v2\/posts\/4861\/revisions"}],"wp:attachment":[{"href":"https:\/\/pruebas.cursopracticoseo.com\/wordpress_o\/wp-json\/wp\/v2\/media?parent=4861"}],"wp:term":[{"taxonomy":"category","embeddable":true,"href":"https:\/\/pruebas.cursopracticoseo.com\/wordpress_o\/wp-json\/wp\/v2\/categories?post=4861"},{"taxonomy":"post_tag","embeddable":true,"href":"https:\/\/pruebas.cursopracticoseo.com\/wordpress_o\/wp-json\/wp\/v2\/tags?post=4861"}],"curies":[{"name":"wp","href":"https:\/\/api.w.org\/{rel}","templated":true}]}}