{"id":4856,"date":"2018-02-18T00:00:00","date_gmt":"2018-02-18T00:00:00","guid":{"rendered":"https:\/\/pruebas.cursopracticoseo.com\/wordpress_o\/toma-de-posesion-del-nuevo-abad-de-la-redencion\/"},"modified":"2018-02-18T00:00:00","modified_gmt":"2018-02-18T00:00:00","slug":"toma-de-posesion-del-nuevo-abad-de-la-redencion","status":"publish","type":"post","link":"https:\/\/pruebas.cursopracticoseo.com\/wordpress_o\/toma-de-posesion-del-nuevo-abad-de-la-redencion\/","title":{"rendered":"Toma de posesi\u00f3n del nuevo Abad de la Redenci\u00f3n"},"content":{"rendered":"<p>Tal y como recogen los estatutos de nuestra Cofrad\u00eda en su art\u00edculo 38, el pr\u00f3ximo domingo, 18 de febrero, tendr\u00e1 lugar de la toma de posesi\u00f3n de nuestro Hermano Abad de cara al pr\u00f3ximo ejercicio 2018-2019. La Junta de Seises ha designado a NHD Juan Ignacio Aguilar Gonz\u00e1lez como el nuevo Abad de la Redenci\u00f3n, tomando posesi\u00f3n durante la Solemne Eucarist\u00eda que se celebrar\u00e1 en la Iglesia Parroquial de San Mart\u00edn a las 13h. En el mismo acto, tambi\u00e9n tomar\u00e1 posesi\u00f3n como nuevos Seises de la Cofrad\u00eda el Hno. Mario Valladares Nespral y el Hno. Juan Jos\u00e9 Mu\u00f1oz Gil. Como ya es costumbre, tras la Solemne Eucarist\u00eda, se servir\u00e1 un \u00e1gape de confraternizaci\u00f3n.<\/p>\n","protected":false},"excerpt":{"rendered":"<p>Tal y como recogen los estatutos de nuestra Cofrad\u00eda en su art\u00edculo 38, el pr\u00f3ximo domingo, 18 de febrero, tendr\u00e1 lugar de la toma de posesi\u00f3n de nuestro Hermano Abad de cara al pr\u00f3ximo ejercicio 2018-2019. La Junta de Seises ha designado a NHD Juan Ignacio Aguilar Gonz\u00e1lez como el nuevo Abad de la Redenci\u00f3n, [&hellip;]<\/p>\n","protected":false},"author":1,"featured_media":0,"comment_status":"open","ping_status":"open","sticky":false,"template":"","format":"standard","meta":{"footnotes":""},"categories":[28],"tags":[],"class_list":["post-4856","post","type-post","status-publish","format-standard","hentry","category-historico"],"_links":{"self":[{"href":"https:\/\/pruebas.cursopracticoseo.com\/wordpress_o\/wp-json\/wp\/v2\/posts\/4856","targetHints":{"allow":["GET"]}}],"collection":[{"href":"https:\/\/pruebas.cursopracticoseo.com\/wordpress_o\/wp-json\/wp\/v2\/posts"}],"about":[{"href":"https:\/\/pruebas.cursopracticoseo.com\/wordpress_o\/wp-json\/wp\/v2\/types\/post"}],"author":[{"embeddable":true,"href":"https:\/\/pruebas.cursopracticoseo.com\/wordpress_o\/wp-json\/wp\/v2\/users\/1"}],"replies":[{"embeddable":true,"href":"https:\/\/pruebas.cursopracticoseo.com\/wordpress_o\/wp-json\/wp\/v2\/comments?post=4856"}],"version-history":[{"count":0,"href":"https:\/\/pruebas.cursopracticoseo.com\/wordpress_o\/wp-json\/wp\/v2\/posts\/4856\/revisions"}],"wp:attachment":[{"href":"https:\/\/pruebas.cursopracticoseo.com\/wordpress_o\/wp-json\/wp\/v2\/media?parent=4856"}],"wp:term":[{"taxonomy":"category","embeddable":true,"href":"https:\/\/pruebas.cursopracticoseo.com\/wordpress_o\/wp-json\/wp\/v2\/categories?post=4856"},{"taxonomy":"post_tag","embeddable":true,"href":"https:\/\/pruebas.cursopracticoseo.com\/wordpress_o\/wp-json\/wp\/v2\/tags?post=4856"}],"curies":[{"name":"wp","href":"https:\/\/api.w.org\/{rel}","templated":true}]}}