{"id":4850,"date":"2018-02-24T00:00:00","date_gmt":"2018-02-24T00:00:00","guid":{"rendered":"https:\/\/pruebas.cursopracticoseo.com\/wordpress_o\/nota-de-prensa-vii-semana-cultural-y-iii-certamen-de-musica-procesional\/"},"modified":"2018-02-24T00:00:00","modified_gmt":"2018-02-24T00:00:00","slug":"nota-de-prensa-vii-semana-cultural-y-iii-certamen-de-musica-procesional","status":"publish","type":"post","link":"https:\/\/pruebas.cursopracticoseo.com\/wordpress_o\/nota-de-prensa-vii-semana-cultural-y-iii-certamen-de-musica-procesional\/","title":{"rendered":"NOTA DE PRENSA VII SEMANA CULTURAL Y III CERTAMEN DE MUSICA PROCESIONAL"},"content":{"rendered":"<p>La Cofrad\u00eda Santo Cristo del Perd\u00f3n organiza la VII Semana Cultural y el III Certamen de M\u00fasica Procesional, desde el d\u00eda 5 hasta el 11 de marzo de 2018. Durante los d\u00edas citados se celebrara una Exposici\u00f3n de Im\u00e1genes de la Semana Santa Leonesa, im\u00e1genes que han sido aportadas por las Cofrad\u00edas y Hermandades de Le\u00f3n y San Andres del Rabanedo. Paralelamente las Bandas de M\u00fasica, Agrupaciones Musicales y Bandas de Cornetas y Tambores de las Cofrad\u00edas y Hermandades de Le\u00f3n y San Andres de Rabanedo, participaran en el Certamen de M\u00fasica Procesional. Asimismo se podr\u00e1 asistir a diversas conferencias, talleres, etc. que versaran sobre la Semana Santa de Le\u00f3n y sobre la transformaci\u00f3n que se est\u00e1 produciendo en el barrio del Crucero. La Exposici\u00f3n y Certamen Musical se realizar\u00e1 en las instalaciones del PETIT PALAIS (Palacin) sito en la Avda. del Doctor Fleming y que forma parte del futuro Palacio de Congresos y Exposiciones de Le\u00f3n. Horario de 16:00 a 22:00 horas<\/p>\n","protected":false},"excerpt":{"rendered":"<p>La Cofrad\u00eda Santo Cristo del Perd\u00f3n organiza la VII Semana Cultural y el III Certamen de M\u00fasica Procesional, desde el d\u00eda 5 hasta el 11 de marzo de 2018. Durante los d\u00edas citados se celebrara una Exposici\u00f3n de Im\u00e1genes de la Semana Santa Leonesa, im\u00e1genes que han sido aportadas por las Cofrad\u00edas y Hermandades de [&hellip;]<\/p>\n","protected":false},"author":1,"featured_media":0,"comment_status":"open","ping_status":"open","sticky":false,"template":"","format":"standard","meta":{"footnotes":""},"categories":[28],"tags":[],"class_list":["post-4850","post","type-post","status-publish","format-standard","hentry","category-historico"],"_links":{"self":[{"href":"https:\/\/pruebas.cursopracticoseo.com\/wordpress_o\/wp-json\/wp\/v2\/posts\/4850","targetHints":{"allow":["GET"]}}],"collection":[{"href":"https:\/\/pruebas.cursopracticoseo.com\/wordpress_o\/wp-json\/wp\/v2\/posts"}],"about":[{"href":"https:\/\/pruebas.cursopracticoseo.com\/wordpress_o\/wp-json\/wp\/v2\/types\/post"}],"author":[{"embeddable":true,"href":"https:\/\/pruebas.cursopracticoseo.com\/wordpress_o\/wp-json\/wp\/v2\/users\/1"}],"replies":[{"embeddable":true,"href":"https:\/\/pruebas.cursopracticoseo.com\/wordpress_o\/wp-json\/wp\/v2\/comments?post=4850"}],"version-history":[{"count":0,"href":"https:\/\/pruebas.cursopracticoseo.com\/wordpress_o\/wp-json\/wp\/v2\/posts\/4850\/revisions"}],"wp:attachment":[{"href":"https:\/\/pruebas.cursopracticoseo.com\/wordpress_o\/wp-json\/wp\/v2\/media?parent=4850"}],"wp:term":[{"taxonomy":"category","embeddable":true,"href":"https:\/\/pruebas.cursopracticoseo.com\/wordpress_o\/wp-json\/wp\/v2\/categories?post=4850"},{"taxonomy":"post_tag","embeddable":true,"href":"https:\/\/pruebas.cursopracticoseo.com\/wordpress_o\/wp-json\/wp\/v2\/tags?post=4850"}],"curies":[{"name":"wp","href":"https:\/\/api.w.org\/{rel}","templated":true}]}}