{"id":4846,"date":"2018-02-25T00:00:00","date_gmt":"2018-02-25T00:00:00","guid":{"rendered":"https:\/\/pruebas.cursopracticoseo.com\/wordpress_o\/cronica-de-la-presentacion-de-la-semana-santa-de-leon-en-la-coruna\/"},"modified":"2018-02-25T00:00:00","modified_gmt":"2018-02-25T00:00:00","slug":"cronica-de-la-presentacion-de-la-semana-santa-de-leon-en-la-coruna","status":"publish","type":"post","link":"https:\/\/pruebas.cursopracticoseo.com\/wordpress_o\/cronica-de-la-presentacion-de-la-semana-santa-de-leon-en-la-coruna\/","title":{"rendered":"CR\u00d3NICA DE LA PRESENTACI\u00d3N DE LA SEMANA SANTA DE LE\u00d3N EN LA CORU\u00d1A"},"content":{"rendered":"<p>A lo largo del d\u00eda de hoy, s\u00e1bado 24 de febrero, ha tenido lugar la presentaci\u00f3n de la Semana Santa de Le\u00f3n en la Ciudad de la Coru\u00f1a. Hasta la misma se ha desplazado una nutrida delegaci\u00f3n de la Junta Mayor de Cofrad\u00edas y Hermandades de la Semana Santa de Le\u00f3n, coorganizadora del acto junto con la Casa de Le\u00f3n de la Coru\u00f1a.<\/p>\n<p>La jornada ha comenzado con una recepci\u00f3n en las dependencias de la Casa de Le\u00f3n, seguida de una comida de confraternidad con la colonia leonesa de la ciudad gallega, organizada tambi\u00e9n por la directiva de la Casa de Le\u00f3n en la Coru\u00f1a.<\/p>\n<p>A continuaci\u00f3n y tras un populoso pasacalle de la Banda de M\u00fasica de la Cofrad\u00eda de las Siete Palabras de Jes\u00fas en la Cruz, ha tenido lugar en la parroquia de la Divina Pastora la solemne Eucarist\u00eda presidida por el hermano capuchino Rosendo P\u00e9rez Fern\u00e1ndez, con una gran afluencia de p\u00fablico y la presencia de diferentes autoridades civiles y militares de la ciudad de la Coru\u00f1a.<\/p>\n<p>Al finalizar la Santa Misa y tras las intervenciones protocolarias ha comenzado el preg\u00f3n de Don Jorge Revenga S\u00e1nchez, pap\u00f3n leon\u00e9s que asumi\u00f3 el encargo de ser el Pregonero Oficial de la Semana Santa de Le\u00f3n en el a\u00f1o 2010. Al tiempo que el pregonero ha ido desgranando, ante el auditorio, las particularidades, los sentimiento y las sensaciones de nuestra semana grande la Banda de M\u00fasica de las Siete Palabras, ha puesto sonido a sus emotivas y sentidas palabras, terminando el acto con varias marchas procesionales.<\/p>\n<p>Al regreso hac\u00eda Le\u00f3n, pasadas las diez de la noche, la delegaci\u00f3n leonesa parte con un grato recuerdo por la c\u00e1lida acogida recibida por la comunidad leonesa de la Coru\u00f1a y la sensaci\u00f3n de que el esfuerzo realizado por la Casa de Le\u00f3n en la Coru\u00f1a y la Junta Mayor de Cofrad\u00edas y Hermandades de la Semana Santa de Le\u00f3n, ha merecido la pena.<\/p>\n","protected":false},"excerpt":{"rendered":"<p>A lo largo del d\u00eda de hoy, s\u00e1bado 24 de febrero, ha tenido lugar la presentaci\u00f3n de la Semana Santa de Le\u00f3n en la Ciudad de la Coru\u00f1a. Hasta la misma se ha desplazado una nutrida delegaci\u00f3n de la Junta Mayor de Cofrad\u00edas y Hermandades de la Semana Santa de Le\u00f3n, coorganizadora del acto junto [&hellip;]<\/p>\n","protected":false},"author":1,"featured_media":0,"comment_status":"open","ping_status":"open","sticky":false,"template":"","format":"standard","meta":{"footnotes":""},"categories":[28],"tags":[],"class_list":["post-4846","post","type-post","status-publish","format-standard","hentry","category-historico"],"_links":{"self":[{"href":"https:\/\/pruebas.cursopracticoseo.com\/wordpress_o\/wp-json\/wp\/v2\/posts\/4846","targetHints":{"allow":["GET"]}}],"collection":[{"href":"https:\/\/pruebas.cursopracticoseo.com\/wordpress_o\/wp-json\/wp\/v2\/posts"}],"about":[{"href":"https:\/\/pruebas.cursopracticoseo.com\/wordpress_o\/wp-json\/wp\/v2\/types\/post"}],"author":[{"embeddable":true,"href":"https:\/\/pruebas.cursopracticoseo.com\/wordpress_o\/wp-json\/wp\/v2\/users\/1"}],"replies":[{"embeddable":true,"href":"https:\/\/pruebas.cursopracticoseo.com\/wordpress_o\/wp-json\/wp\/v2\/comments?post=4846"}],"version-history":[{"count":0,"href":"https:\/\/pruebas.cursopracticoseo.com\/wordpress_o\/wp-json\/wp\/v2\/posts\/4846\/revisions"}],"wp:attachment":[{"href":"https:\/\/pruebas.cursopracticoseo.com\/wordpress_o\/wp-json\/wp\/v2\/media?parent=4846"}],"wp:term":[{"taxonomy":"category","embeddable":true,"href":"https:\/\/pruebas.cursopracticoseo.com\/wordpress_o\/wp-json\/wp\/v2\/categories?post=4846"},{"taxonomy":"post_tag","embeddable":true,"href":"https:\/\/pruebas.cursopracticoseo.com\/wordpress_o\/wp-json\/wp\/v2\/tags?post=4846"}],"curies":[{"name":"wp","href":"https:\/\/api.w.org\/{rel}","templated":true}]}}