{"id":4845,"date":"2018-02-26T00:00:00","date_gmt":"2018-02-26T00:00:00","guid":{"rendered":"https:\/\/pruebas.cursopracticoseo.com\/wordpress_o\/luis-garcia-gutierrez-hace-de-la-liturgia-el-eje-de-la-proxima-sesion-del-plan-de-formacion-cofrade-sin-perder-el-paso-de-la-bienaventuranza\/"},"modified":"2018-02-26T00:00:00","modified_gmt":"2018-02-26T00:00:00","slug":"luis-garcia-gutierrez-hace-de-la-liturgia-el-eje-de-la-proxima-sesion-del-plan-de-formacion-cofrade-sin-perder-el-paso-de-la-bienaventuranza","status":"publish","type":"post","link":"https:\/\/pruebas.cursopracticoseo.com\/wordpress_o\/luis-garcia-gutierrez-hace-de-la-liturgia-el-eje-de-la-proxima-sesion-del-plan-de-formacion-cofrade-sin-perder-el-paso-de-la-bienaventuranza\/","title":{"rendered":"Luis Garc\u00eda Guti\u00e9rrez hace de la liturgia el eje de la pr\u00f3xima sesi\u00f3n del plan de formaci\u00f3n cofrade &#8216;Sin perder el paso&#8217; de la Bienaventuranza"},"content":{"rendered":"<p>El pr\u00f3ximo lunes, 26 de febrero, la cofrad\u00eda del Santo Cristo de la Bienaventuranza de Le\u00f3n contin\u00faa con su plan de formaci\u00f3n cofrade &#8216;Sin perder el paso&#8217; 2017\/2018. En esta ocasi\u00f3n, la sesi\u00f3n girar\u00e1 en torno a \u201cLiturgia y Semana Santa\u201d, y corre por cuenta de Luis Garc\u00eda Guti\u00e9rrez, delegado episcopal de Pastoral Lit\u00fargica y Piedad Popular de la di\u00f3cesis de Le\u00f3n.<\/p>\n<p>As\u00ed, Garc\u00eda Guti\u00e9rrez profundizar\u00e1 en las principales cuestiones de la liturgia propia de los D\u00edas Santos, y tambi\u00e9n de su \u2018pr\u00f3logo\u2019 Cuaresmal, en una sesi\u00f3n que tendr\u00e1 lugar en la sede social de la cofrad\u00eda (C\/ Cipriano de la Huerga, 10) a partir de las 20:30 h. La asistencia es libre hasta completar aforo.<\/p>\n","protected":false},"excerpt":{"rendered":"<p>El pr\u00f3ximo lunes, 26 de febrero, la cofrad\u00eda del Santo Cristo de la Bienaventuranza de Le\u00f3n contin\u00faa con su plan de formaci\u00f3n cofrade &#8216;Sin perder el paso&#8217; 2017\/2018. En esta ocasi\u00f3n, la sesi\u00f3n girar\u00e1 en torno a \u201cLiturgia y Semana Santa\u201d, y corre por cuenta de Luis Garc\u00eda Guti\u00e9rrez, delegado episcopal de Pastoral Lit\u00fargica y [&hellip;]<\/p>\n","protected":false},"author":1,"featured_media":0,"comment_status":"open","ping_status":"open","sticky":false,"template":"","format":"standard","meta":{"footnotes":""},"categories":[28],"tags":[],"class_list":["post-4845","post","type-post","status-publish","format-standard","hentry","category-historico"],"_links":{"self":[{"href":"https:\/\/pruebas.cursopracticoseo.com\/wordpress_o\/wp-json\/wp\/v2\/posts\/4845","targetHints":{"allow":["GET"]}}],"collection":[{"href":"https:\/\/pruebas.cursopracticoseo.com\/wordpress_o\/wp-json\/wp\/v2\/posts"}],"about":[{"href":"https:\/\/pruebas.cursopracticoseo.com\/wordpress_o\/wp-json\/wp\/v2\/types\/post"}],"author":[{"embeddable":true,"href":"https:\/\/pruebas.cursopracticoseo.com\/wordpress_o\/wp-json\/wp\/v2\/users\/1"}],"replies":[{"embeddable":true,"href":"https:\/\/pruebas.cursopracticoseo.com\/wordpress_o\/wp-json\/wp\/v2\/comments?post=4845"}],"version-history":[{"count":0,"href":"https:\/\/pruebas.cursopracticoseo.com\/wordpress_o\/wp-json\/wp\/v2\/posts\/4845\/revisions"}],"wp:attachment":[{"href":"https:\/\/pruebas.cursopracticoseo.com\/wordpress_o\/wp-json\/wp\/v2\/media?parent=4845"}],"wp:term":[{"taxonomy":"category","embeddable":true,"href":"https:\/\/pruebas.cursopracticoseo.com\/wordpress_o\/wp-json\/wp\/v2\/categories?post=4845"},{"taxonomy":"post_tag","embeddable":true,"href":"https:\/\/pruebas.cursopracticoseo.com\/wordpress_o\/wp-json\/wp\/v2\/tags?post=4845"}],"curies":[{"name":"wp","href":"https:\/\/api.w.org\/{rel}","templated":true}]}}