{"id":4841,"date":"2018-03-10T00:00:00","date_gmt":"2018-03-10T00:00:00","guid":{"rendered":"https:\/\/pruebas.cursopracticoseo.com\/wordpress_o\/presentacion-de-la-semana-santa-de-caceres-en-leon\/"},"modified":"2018-03-10T00:00:00","modified_gmt":"2018-03-10T00:00:00","slug":"presentacion-de-la-semana-santa-de-caceres-en-leon","status":"publish","type":"post","link":"https:\/\/pruebas.cursopracticoseo.com\/wordpress_o\/presentacion-de-la-semana-santa-de-caceres-en-leon\/","title":{"rendered":"PRESENTACI\u00d3N DE LA SEMANA SANTA DE C\u00c1CERES EN LE\u00d3N"},"content":{"rendered":"<p>La Semana Santa cacere\u00f1a, declarada de Inter\u00e9s Tur\u00edstico Internacional, estar\u00e1 presente en Le\u00f3n el pr\u00f3ximo s\u00e1bado 10 de marzo. A lo largo de ese d\u00eda, la Alcaldesa de C\u00e1ceres Do\u00f1a Elena Nevado del Campo y representantes de la Uni\u00f3n de Cofrad\u00edas Penitenciales de C\u00e1ceres, visitar\u00e1n nuestra ciudad con el objeto de presentar su Semana Santa. Esta visita ser\u00e1 correspondida en el a\u00f1o 2019, cuando representantes de la Junta Mayor de Cofrad\u00edas y Hermandades de Le\u00f3n presenten la Semana Santa de Le\u00f3n en la ciudad de C\u00e1ceres.<\/p>\n<p>La jornada cofrade tendr\u00e1 su comienzo a las doce de la ma\u00f1ana con una visita guiada por la ciudad a cargo de gu\u00edas tur\u00edsticos del Ayuntamiento de Le\u00f3n.<\/p>\n<p>A las seis de la tarde, un pasacalles de la Agrupaci\u00f3n Musical Nuestra Se\u00f1ora de la Misericordia traer\u00e1 a las calles leonesas una muestra de la m\u00fasica cofrade cacere\u00f1a.<\/p>\n<p>A las siete de la tarde, en el Sal\u00f3n de los Reyes del Ayuntamiento de Le\u00f3n, en la plaza de San Marcelo, tendr\u00e1 lugar la recepci\u00f3n de autoridades, presidida por el Alcalde del Ayuntamiento de Le\u00f3n, Don Antonio Silv\u00e1n. A continuaci\u00f3n, tendr\u00e1n lugar las intervenciones de los representantes de las Semanas Santas de C\u00e1ceres y Le\u00f3n y de los alcaldes de ambas ciudades.<\/p>\n<p>Finalizar\u00e1 la jornada con un concierto de la Agrupaci\u00f3n Musical Nuestra Se\u00f1ora de la Misericordia.<\/p>\n","protected":false},"excerpt":{"rendered":"<p>La Semana Santa cacere\u00f1a, declarada de Inter\u00e9s Tur\u00edstico Internacional, estar\u00e1 presente en Le\u00f3n el pr\u00f3ximo s\u00e1bado 10 de marzo. A lo largo de ese d\u00eda, la Alcaldesa de C\u00e1ceres Do\u00f1a Elena Nevado del Campo y representantes de la Uni\u00f3n de Cofrad\u00edas Penitenciales de C\u00e1ceres, visitar\u00e1n nuestra ciudad con el objeto de presentar su Semana Santa. [&hellip;]<\/p>\n","protected":false},"author":1,"featured_media":0,"comment_status":"open","ping_status":"open","sticky":false,"template":"","format":"standard","meta":{"footnotes":""},"categories":[28],"tags":[],"class_list":["post-4841","post","type-post","status-publish","format-standard","hentry","category-historico"],"_links":{"self":[{"href":"https:\/\/pruebas.cursopracticoseo.com\/wordpress_o\/wp-json\/wp\/v2\/posts\/4841","targetHints":{"allow":["GET"]}}],"collection":[{"href":"https:\/\/pruebas.cursopracticoseo.com\/wordpress_o\/wp-json\/wp\/v2\/posts"}],"about":[{"href":"https:\/\/pruebas.cursopracticoseo.com\/wordpress_o\/wp-json\/wp\/v2\/types\/post"}],"author":[{"embeddable":true,"href":"https:\/\/pruebas.cursopracticoseo.com\/wordpress_o\/wp-json\/wp\/v2\/users\/1"}],"replies":[{"embeddable":true,"href":"https:\/\/pruebas.cursopracticoseo.com\/wordpress_o\/wp-json\/wp\/v2\/comments?post=4841"}],"version-history":[{"count":0,"href":"https:\/\/pruebas.cursopracticoseo.com\/wordpress_o\/wp-json\/wp\/v2\/posts\/4841\/revisions"}],"wp:attachment":[{"href":"https:\/\/pruebas.cursopracticoseo.com\/wordpress_o\/wp-json\/wp\/v2\/media?parent=4841"}],"wp:term":[{"taxonomy":"category","embeddable":true,"href":"https:\/\/pruebas.cursopracticoseo.com\/wordpress_o\/wp-json\/wp\/v2\/categories?post=4841"},{"taxonomy":"post_tag","embeddable":true,"href":"https:\/\/pruebas.cursopracticoseo.com\/wordpress_o\/wp-json\/wp\/v2\/tags?post=4841"}],"curies":[{"name":"wp","href":"https:\/\/api.w.org\/{rel}","templated":true}]}}