{"id":4824,"date":"2018-03-28T00:00:00","date_gmt":"2018-03-28T00:00:00","guid":{"rendered":"https:\/\/pruebas.cursopracticoseo.com\/wordpress_o\/vii-concierto-de-semana-santa\/"},"modified":"2018-03-28T00:00:00","modified_gmt":"2018-03-28T00:00:00","slug":"vii-concierto-de-semana-santa","status":"publish","type":"post","link":"https:\/\/pruebas.cursopracticoseo.com\/wordpress_o\/vii-concierto-de-semana-santa\/","title":{"rendered":"VII Concierto de Semana Santa"},"content":{"rendered":"<p>De nuevo tenemos aqu\u00ed la cita anual con el que ya se ha convertido en habitual concierto de m\u00fasica sacra de Semana Santa. La organizaci\u00f3n corre de la mano de la A.VV. \u00abMariano Andr\u00e9s\u00bb y la Cofrad\u00eda del Santo Cristo del Desenclavo. Se cuenta con la colaboraci\u00f3n del Excmo. Ayuntamiento de Le\u00f3n, Parroquia de Santa Marina la Real, Colegio Leon\u00e9s, Federaci\u00f3n de AA.VV. \u00abRey Ordo\u00f1o\u00bb, Junta Mayor de Cofrad\u00edas y Hermandades de la Semana Santa de Le\u00f3n, A.VV. \u00abSanta Marina la Real\u00bb y la empresa \u00abINMOTEC\u00bb. El grupo coral \u00abCantArte\u00bb es el encargado de poner m\u00fasica a la noche de Mi\u00e9rcoles Santo. Lugar: Iglesia de Santa Marina la Real Hora: 22,30 hs D\u00eda: 28 de Marzo de 2018, Mi\u00e9rcoles Santo<\/p>\n","protected":false},"excerpt":{"rendered":"<p>De nuevo tenemos aqu\u00ed la cita anual con el que ya se ha convertido en habitual concierto de m\u00fasica sacra de Semana Santa. La organizaci\u00f3n corre de la mano de la A.VV. \u00abMariano Andr\u00e9s\u00bb y la Cofrad\u00eda del Santo Cristo del Desenclavo. Se cuenta con la colaboraci\u00f3n del Excmo. Ayuntamiento de Le\u00f3n, Parroquia de Santa [&hellip;]<\/p>\n","protected":false},"author":1,"featured_media":0,"comment_status":"open","ping_status":"open","sticky":false,"template":"","format":"standard","meta":{"footnotes":""},"categories":[28],"tags":[],"class_list":["post-4824","post","type-post","status-publish","format-standard","hentry","category-historico"],"_links":{"self":[{"href":"https:\/\/pruebas.cursopracticoseo.com\/wordpress_o\/wp-json\/wp\/v2\/posts\/4824","targetHints":{"allow":["GET"]}}],"collection":[{"href":"https:\/\/pruebas.cursopracticoseo.com\/wordpress_o\/wp-json\/wp\/v2\/posts"}],"about":[{"href":"https:\/\/pruebas.cursopracticoseo.com\/wordpress_o\/wp-json\/wp\/v2\/types\/post"}],"author":[{"embeddable":true,"href":"https:\/\/pruebas.cursopracticoseo.com\/wordpress_o\/wp-json\/wp\/v2\/users\/1"}],"replies":[{"embeddable":true,"href":"https:\/\/pruebas.cursopracticoseo.com\/wordpress_o\/wp-json\/wp\/v2\/comments?post=4824"}],"version-history":[{"count":0,"href":"https:\/\/pruebas.cursopracticoseo.com\/wordpress_o\/wp-json\/wp\/v2\/posts\/4824\/revisions"}],"wp:attachment":[{"href":"https:\/\/pruebas.cursopracticoseo.com\/wordpress_o\/wp-json\/wp\/v2\/media?parent=4824"}],"wp:term":[{"taxonomy":"category","embeddable":true,"href":"https:\/\/pruebas.cursopracticoseo.com\/wordpress_o\/wp-json\/wp\/v2\/categories?post=4824"},{"taxonomy":"post_tag","embeddable":true,"href":"https:\/\/pruebas.cursopracticoseo.com\/wordpress_o\/wp-json\/wp\/v2\/tags?post=4824"}],"curies":[{"name":"wp","href":"https:\/\/api.w.org\/{rel}","templated":true}]}}