{"id":4816,"date":"2018-04-08T00:00:00","date_gmt":"2018-04-08T00:00:00","guid":{"rendered":"https:\/\/pruebas.cursopracticoseo.com\/wordpress_o\/celebrado-el-ii-encuentro-de-jovenes-papones-de-leon\/"},"modified":"2018-04-08T00:00:00","modified_gmt":"2018-04-08T00:00:00","slug":"celebrado-el-ii-encuentro-de-jovenes-papones-de-leon","status":"publish","type":"post","link":"https:\/\/pruebas.cursopracticoseo.com\/wordpress_o\/celebrado-el-ii-encuentro-de-jovenes-papones-de-leon\/","title":{"rendered":"CELEBRADO EL II ENCUENTRO DE J\u00d3VENES PAPONES DE LE\u00d3N"},"content":{"rendered":"<p>Los pasados d\u00edas 7 y 8 de abril ha tenido lugar el II Encuentro de J\u00f3venes Papones de Le\u00f3n, en el que participaron m\u00e1s de medio centenar de j\u00f3venes de las cofrad\u00edas y hermandades de la Semana Santa de Le\u00f3n y a los que se sumaron varios j\u00f3venes cofrades de Palencia.<\/p>\n<p>La jornada del s\u00e1bado 7 de abril comenzaba con una oraci\u00f3n de bienvenida dirigida por D. Jorge Garc\u00eda, Delegado Episcopal para la Junta Mayor, en la iglesia conventual de San Francisco. Posteriormente daban comienzo las mesas redondas en la Casa Franciscana. En la primera de ellas \u201cLos j\u00f3venes en la Semana Santa de Palencia y en sus cofrad\u00edas\u201d participaron Jorge Garc\u00eda y Gabriel Sendino, aportando el testimonio de la juventud cofrade palentina. Tras una pausa-caf\u00e9 dio comienzo la segunda mesa redonda \u201cCofrad\u00edas y hermandades 2.0\u201d que cont\u00f3 con la participaci\u00f3n de Silvia Mart\u00ednez y Tom\u00e1s Castro sobre la importancia de la utilizaci\u00f3n de las tecnolog\u00edas de la informaci\u00f3n y comunicaci\u00f3n por parte de las cofrad\u00edas as\u00ed como la utilizaci\u00f3n responsable de las mismas por parte de los cofrades.<\/p>\n<p>Tras una comida de confraternizaci\u00f3n por la tarde se inici\u00f3 una ruta por el Le\u00f3n cofrade partiendo desde la iglesia de Nuestra Se\u00f1ora del Mercado y siguiendo el itinerario de la \u201cRuta de los Conventos\u201d. Durante la misma se realizaron diversas paradas en los enclaves donde tienen lugar algunos de los actos de las cofrad\u00edas y hermandades leonesas, realizando la explicaci\u00f3n de los mismos. Se cont\u00f3 adem\u00e1s con la participaci\u00f3n del Cronista Oficial de la Ciudad de Le\u00f3n, D. M\u00e1ximo Cay\u00f3n Di\u00e9guez, quien aport\u00f3 una interesante explicaci\u00f3n de la conocida como ruta de los cuatro conventos. Antes de finalizar la jornada se present\u00f3 el VI JOHC \u2013 Encuentro Nacional de J\u00f3venes de Hermandades y Cofrad\u00edas \u2013 que tendr\u00e1 lugar en octubre en Santander.<\/p>\n<p>El domingo 8 los j\u00f3venes papones nos sumamos a la Misa de Acci\u00f3n de Gracias en la Bas\u00edlica de la Virgen del Camino uni\u00e9ndonos al resto de los miembros de la Junta Mayor, cofrad\u00edas y hermandades en el agradecimiento por la pasada Semana Santa ante la Patrona de la Regi\u00f3n Leonesa.<\/p>\n<p>Este Encuentro se complementar\u00e1 pr\u00f3ximamente con una excursi\u00f3n para conocer la Semana Santa de una localidad cercana y tener un contacto con otros grupos de j\u00f3venes cofrades.<\/p>\n<p>Los J\u00f3venes Papones de Le\u00f3n agradecemos p\u00fablicamente a la Junta Mayor, a las diecis\u00e9is penitenciales de nuestra ciudad y a todas las personas e instituciones que han hecho posible este encuentro.<\/p>\n","protected":false},"excerpt":{"rendered":"<p>Los pasados d\u00edas 7 y 8 de abril ha tenido lugar el II Encuentro de J\u00f3venes Papones de Le\u00f3n, en el que participaron m\u00e1s de medio centenar de j\u00f3venes de las cofrad\u00edas y hermandades de la Semana Santa de Le\u00f3n y a los que se sumaron varios j\u00f3venes cofrades de Palencia. La jornada del s\u00e1bado [&hellip;]<\/p>\n","protected":false},"author":1,"featured_media":0,"comment_status":"open","ping_status":"open","sticky":false,"template":"","format":"standard","meta":{"footnotes":""},"categories":[28],"tags":[],"class_list":["post-4816","post","type-post","status-publish","format-standard","hentry","category-historico"],"_links":{"self":[{"href":"https:\/\/pruebas.cursopracticoseo.com\/wordpress_o\/wp-json\/wp\/v2\/posts\/4816","targetHints":{"allow":["GET"]}}],"collection":[{"href":"https:\/\/pruebas.cursopracticoseo.com\/wordpress_o\/wp-json\/wp\/v2\/posts"}],"about":[{"href":"https:\/\/pruebas.cursopracticoseo.com\/wordpress_o\/wp-json\/wp\/v2\/types\/post"}],"author":[{"embeddable":true,"href":"https:\/\/pruebas.cursopracticoseo.com\/wordpress_o\/wp-json\/wp\/v2\/users\/1"}],"replies":[{"embeddable":true,"href":"https:\/\/pruebas.cursopracticoseo.com\/wordpress_o\/wp-json\/wp\/v2\/comments?post=4816"}],"version-history":[{"count":0,"href":"https:\/\/pruebas.cursopracticoseo.com\/wordpress_o\/wp-json\/wp\/v2\/posts\/4816\/revisions"}],"wp:attachment":[{"href":"https:\/\/pruebas.cursopracticoseo.com\/wordpress_o\/wp-json\/wp\/v2\/media?parent=4816"}],"wp:term":[{"taxonomy":"category","embeddable":true,"href":"https:\/\/pruebas.cursopracticoseo.com\/wordpress_o\/wp-json\/wp\/v2\/categories?post=4816"},{"taxonomy":"post_tag","embeddable":true,"href":"https:\/\/pruebas.cursopracticoseo.com\/wordpress_o\/wp-json\/wp\/v2\/tags?post=4816"}],"curies":[{"name":"wp","href":"https:\/\/api.w.org\/{rel}","templated":true}]}}