{"id":4811,"date":"2018-04-16T00:00:00","date_gmt":"2018-04-16T00:00:00","guid":{"rendered":"https:\/\/pruebas.cursopracticoseo.com\/wordpress_o\/carlos-garcia-rioja-cada-semana-santa-tambien-la-de-leon-tiene-unas-peculiaridades-que-la-convierten-en-unica\/"},"modified":"2018-04-16T00:00:00","modified_gmt":"2018-04-16T00:00:00","slug":"carlos-garcia-rioja-cada-semana-santa-tambien-la-de-leon-tiene-unas-peculiaridades-que-la-convierten-en-unica","status":"publish","type":"post","link":"https:\/\/pruebas.cursopracticoseo.com\/wordpress_o\/carlos-garcia-rioja-cada-semana-santa-tambien-la-de-leon-tiene-unas-peculiaridades-que-la-convierten-en-unica\/","title":{"rendered":"Carlos Garc\u00eda Rioja: \u201cCada Semana Santa \u2013tambi\u00e9n la de Le\u00f3n\u2013 tiene unas peculiaridades que la convierten en \u00fanica\u201d"},"content":{"rendered":"<p>La Cofrad\u00eda del Santo Cristo de la Bienaventuranza continuaba el pasado lunes, 26 de abril, con su plan de formaci\u00f3n cofrade \u201cSin perder el paso\u201d 2017\/2018, en la que era ya su quinta sesi\u00f3n. Fue en esta ocasi\u00f3n dirigida por Carlos Garc\u00eda Rioja, director de la revista Preg\u00f3n, y llevaba por t\u00edtulo \u201cLa Semana Santa de Le\u00f3n en el \u2018universo\u2019 cofrade\u201d.<\/p>\n<p>Garc\u00eda Rioja, gran conocedor, no solo de la Semana Santa leonesa, sino \u2013en general\u2013 de toda Espa\u00f1a, puso en valor la heterogeneidad de la celebraci\u00f3n pasional, con ejemplos desde Ferrol hasta Murcia y desde Tarragona hasta C\u00e1diz pasando por Madrid, Sevilla, Zamora, Cuenca\u2026 y un sinf\u00edn de ciudades y pueblos m\u00e1s, incluso m\u00e1s all\u00e1 de las fronteras espa\u00f1olas: Filipinas, Colombia, Guatemala\u2026<\/p>\n<p>En un r\u00e1pido repaso a diferentes aspectos, el ponente abord\u00f3 cuestiones como la forma de llevar los pasos \u2013\u2018por dentro\u2019 y \u2018por fuera\u2019\u2013, las procesiones generales, la iconograf\u00eda, la m\u00fasica, los reconocimientos tur\u00edsticos, los museos de Semana Santa\u2026, poniendo especialmente de relieve que cada Semana Santa tiene unas peculiaridades que la convierten en \u00fanica. Y la de Le\u00f3n, en muchos aspectos, tambi\u00e9n.<\/p>\n","protected":false},"excerpt":{"rendered":"<p>La Cofrad\u00eda del Santo Cristo de la Bienaventuranza continuaba el pasado lunes, 26 de abril, con su plan de formaci\u00f3n cofrade \u201cSin perder el paso\u201d 2017\/2018, en la que era ya su quinta sesi\u00f3n. Fue en esta ocasi\u00f3n dirigida por Carlos Garc\u00eda Rioja, director de la revista Preg\u00f3n, y llevaba por t\u00edtulo \u201cLa Semana Santa [&hellip;]<\/p>\n","protected":false},"author":1,"featured_media":0,"comment_status":"open","ping_status":"open","sticky":false,"template":"","format":"standard","meta":{"footnotes":""},"categories":[28],"tags":[],"class_list":["post-4811","post","type-post","status-publish","format-standard","hentry","category-historico"],"_links":{"self":[{"href":"https:\/\/pruebas.cursopracticoseo.com\/wordpress_o\/wp-json\/wp\/v2\/posts\/4811","targetHints":{"allow":["GET"]}}],"collection":[{"href":"https:\/\/pruebas.cursopracticoseo.com\/wordpress_o\/wp-json\/wp\/v2\/posts"}],"about":[{"href":"https:\/\/pruebas.cursopracticoseo.com\/wordpress_o\/wp-json\/wp\/v2\/types\/post"}],"author":[{"embeddable":true,"href":"https:\/\/pruebas.cursopracticoseo.com\/wordpress_o\/wp-json\/wp\/v2\/users\/1"}],"replies":[{"embeddable":true,"href":"https:\/\/pruebas.cursopracticoseo.com\/wordpress_o\/wp-json\/wp\/v2\/comments?post=4811"}],"version-history":[{"count":0,"href":"https:\/\/pruebas.cursopracticoseo.com\/wordpress_o\/wp-json\/wp\/v2\/posts\/4811\/revisions"}],"wp:attachment":[{"href":"https:\/\/pruebas.cursopracticoseo.com\/wordpress_o\/wp-json\/wp\/v2\/media?parent=4811"}],"wp:term":[{"taxonomy":"category","embeddable":true,"href":"https:\/\/pruebas.cursopracticoseo.com\/wordpress_o\/wp-json\/wp\/v2\/categories?post=4811"},{"taxonomy":"post_tag","embeddable":true,"href":"https:\/\/pruebas.cursopracticoseo.com\/wordpress_o\/wp-json\/wp\/v2\/tags?post=4811"}],"curies":[{"name":"wp","href":"https:\/\/api.w.org\/{rel}","templated":true}]}}