{"id":4790,"date":"2018-10-06T00:00:00","date_gmt":"2018-10-06T00:00:00","guid":{"rendered":"https:\/\/pruebas.cursopracticoseo.com\/wordpress_o\/bestiario-de-san-francisco-antonio-oteiza\/"},"modified":"2018-10-06T00:00:00","modified_gmt":"2018-10-06T00:00:00","slug":"bestiario-de-san-francisco-antonio-oteiza","status":"publish","type":"post","link":"https:\/\/pruebas.cursopracticoseo.com\/wordpress_o\/bestiario-de-san-francisco-antonio-oteiza\/","title":{"rendered":"Bestiario de San Francisco Antonio Oteiza"},"content":{"rendered":"<p>Estimados amigos, como les informamos en d\u00edas pasados, la inauguraci\u00f3n del nuevo espacio expositivo de los capuchinos CLAUSTRO ABIERTO, tendr\u00e1 lugar hoy s\u00e1bado 6 de octubre a las 20:30 horas, en el claustro del convento de San Francisco (Plaza de San Francisco,10). Les invitamos a que disfruten de esta ilusionante y agradable velada con nosotros.<\/p>\n<p>Como les record\u00e1bamos en d\u00edas pasados, el convento de San Francisco quiere ofrecer, dentro de sus posibilidades, una oportunidad de expresi\u00f3n y di\u00e1logo que pueda hablar de otras formas desde las que promover un intercambio cultural y religioso. Para eso pone en marcha un espacio CLAUSTRO ABIERTO, que pretende integrar la galer\u00eda del convento como lugar expositivo, abriendo las puertas del mismo desde una sensibilidad franciscana. Ya desde hace unos meses, en dicho lugar, se viene atendiendo diariamente a los peregrinos que pernoctan en el Albergue San Francisco, intentando un di\u00e1logo y escucha de los mismos, en esta ciudad que es cruce de caminos.<\/p>\n<p>CLAUSTRO ABIERTO quiere comenzar con una muestra de Antonio Oteiza (San Sebasti\u00e1n 1926) franciscano-capuchino, que ha dedicado gran parte de su vida a la pl\u00e1stica. Su obra de escultura, pintura y cer\u00e1mica se encuentra repartida, por todo el mundo, especialmente por Espa\u00f1a y Am\u00e9rica. Son muchas las series que ha realizado sobre personajes sobresalientes. Tambi\u00e9n ha escrito algunos libros que narran sus viajes por los r\u00edos de Am\u00e9rica.<\/p>\n<p>En esta ocasi\u00f3n Antonio Oteiza nos presenta el Bestiario de Francisco de As\u00eds. El concepto medieval con el que \u00e9l se refiere a esta colecci\u00f3n, que quiz\u00e1s que suena muy distante de nuestro lenguaje, habla de ponernos en relaci\u00f3n con los animales a los que Francisco llamaba \u00abhermanos y hermanas\u00bb. En esta l\u00ednea llega a afirmar que \u00absab\u00eda Francisco que \u00e9l, y esas criaturas, ven\u00edan de un mismo origen, que todas, por igual, eran criaturas de Dios\u00bb. La exposici\u00f3n presenta los diversos animales que aparecen en las cr\u00f3nicas y biograf\u00edas de \u00e9poca referidas al \u00abPoverello\u00bb.<\/p>\n<p>Se ha realizado una sencilla p\u00e1gina web como complemento de la exposici\u00f3n que se puede visitar en la direcci\u00f3n: https:\/\/fryocap.wixsite.com\/bestiariosanfco La exposici\u00f3n estar\u00e1 abierta hasta el 3 de noviembre. Lugar: Convento de San Francisco. Plaza de San Francisco, 10. 24004 Le\u00f3n. En horario de lunes a s\u00e1bado de 17,00-20,30 y domingos de 11,30-14,00. Organiza: Hermanos Menores Capuchinos, con la colaboraci\u00f3n de la Escuela Profesional San Francisco y de la Cofrad\u00eda del Sant\u00edsimo Cristo de la Expiraci\u00f3n y del Silencio.<\/p>\n","protected":false},"excerpt":{"rendered":"<p>Estimados amigos, como les informamos en d\u00edas pasados, la inauguraci\u00f3n del nuevo espacio expositivo de los capuchinos CLAUSTRO ABIERTO, tendr\u00e1 lugar hoy s\u00e1bado 6 de octubre a las 20:30 horas, en el claustro del convento de San Francisco (Plaza de San Francisco,10). Les invitamos a que disfruten de esta ilusionante y agradable velada con nosotros. [&hellip;]<\/p>\n","protected":false},"author":1,"featured_media":0,"comment_status":"open","ping_status":"open","sticky":false,"template":"","format":"standard","meta":{"footnotes":""},"categories":[28],"tags":[],"class_list":["post-4790","post","type-post","status-publish","format-standard","hentry","category-historico"],"_links":{"self":[{"href":"https:\/\/pruebas.cursopracticoseo.com\/wordpress_o\/wp-json\/wp\/v2\/posts\/4790","targetHints":{"allow":["GET"]}}],"collection":[{"href":"https:\/\/pruebas.cursopracticoseo.com\/wordpress_o\/wp-json\/wp\/v2\/posts"}],"about":[{"href":"https:\/\/pruebas.cursopracticoseo.com\/wordpress_o\/wp-json\/wp\/v2\/types\/post"}],"author":[{"embeddable":true,"href":"https:\/\/pruebas.cursopracticoseo.com\/wordpress_o\/wp-json\/wp\/v2\/users\/1"}],"replies":[{"embeddable":true,"href":"https:\/\/pruebas.cursopracticoseo.com\/wordpress_o\/wp-json\/wp\/v2\/comments?post=4790"}],"version-history":[{"count":0,"href":"https:\/\/pruebas.cursopracticoseo.com\/wordpress_o\/wp-json\/wp\/v2\/posts\/4790\/revisions"}],"wp:attachment":[{"href":"https:\/\/pruebas.cursopracticoseo.com\/wordpress_o\/wp-json\/wp\/v2\/media?parent=4790"}],"wp:term":[{"taxonomy":"category","embeddable":true,"href":"https:\/\/pruebas.cursopracticoseo.com\/wordpress_o\/wp-json\/wp\/v2\/categories?post=4790"},{"taxonomy":"post_tag","embeddable":true,"href":"https:\/\/pruebas.cursopracticoseo.com\/wordpress_o\/wp-json\/wp\/v2\/tags?post=4790"}],"curies":[{"name":"wp","href":"https:\/\/api.w.org\/{rel}","templated":true}]}}