{"id":4789,"date":"2018-10-20T00:00:00","date_gmt":"2018-10-20T00:00:00","guid":{"rendered":"https:\/\/pruebas.cursopracticoseo.com\/wordpress_o\/presentacion-y-bendicion-de-la-reliquia-del-santo-sepulcro-de-nuestro-senor-jesucristo\/"},"modified":"2018-10-20T00:00:00","modified_gmt":"2018-10-20T00:00:00","slug":"presentacion-y-bendicion-de-la-reliquia-del-santo-sepulcro-de-nuestro-senor-jesucristo","status":"publish","type":"post","link":"https:\/\/pruebas.cursopracticoseo.com\/wordpress_o\/presentacion-y-bendicion-de-la-reliquia-del-santo-sepulcro-de-nuestro-senor-jesucristo\/","title":{"rendered":"Presentaci\u00f3n y Bendici\u00f3n de la Reliquia del Santo Sepulcro de Nuestro Se\u00f1or Jesucristo"},"content":{"rendered":"<p>La Cofrad\u00eda Santo Sepulcro-Esperanza de la Vida recibi\u00f3 durante la peregrinaci\u00f3n a Tierra Santa, celebrada con motivo del XXV aniversario de su fundaci\u00f3n, una reliquia aut\u00e9ntica del Santo Sepulcro de Jerusal\u00e9n para su veneraci\u00f3n y exposici\u00f3n p\u00fablica tanto en los desfiles procesionales que organiza esta Cofrad\u00eda como en otras celebraciones. La reliquia fue entregada en nombre del Custodio de Tierra Santa por Fray Emilio B\u00e1rcenas al Maestre Honorario de la Cofrad\u00eda, el Hermano Jos\u00e9 Antonio Fresno Castro. En la peregrinaci\u00f3n participaron otros cuarenta y cuatro peregrinos. Esta reliquia ser\u00e1 bendecida y presentada al pueblo de Le\u00f3n el s\u00e1bado 20 de octubre a las 19:15 horas en la S. I. Catedral de Le\u00f3n y seguidamente ser\u00e1 llevada en procesi\u00f3n extraordinaria junto con la imagen titular de la Cofrad\u00eda, el Sant\u00edsimo Cristo Esperanza de la Vida, al lugar donde quedar\u00e1 expuesta al culto, el Convento de la Pur\u00edsima Concepci\u00f3n de Le\u00f3n, de las RR.MM. Concepcionistas, donde se celebrar\u00e1 un solemne acto de entrega que finalizar\u00e1 con la veneraci\u00f3n de la Reliquia. La procesi\u00f3n se iniciar\u00e1 en la Plaza de Regla, siguiendo por la calle Ancha, Plaza de San Marcelo, calle Teatro, calle La R\u00faa y Plaza de las Concepcionistas. La Cofrad\u00eda invita a todos los leoneses a compartir esta celebraci\u00f3n junto a todos los hermanos de la Cofrad\u00eda Santo Sepulcro-Esperanza de la Vida.<\/p>\n","protected":false},"excerpt":{"rendered":"<p>La Cofrad\u00eda Santo Sepulcro-Esperanza de la Vida recibi\u00f3 durante la peregrinaci\u00f3n a Tierra Santa, celebrada con motivo del XXV aniversario de su fundaci\u00f3n, una reliquia aut\u00e9ntica del Santo Sepulcro de Jerusal\u00e9n para su veneraci\u00f3n y exposici\u00f3n p\u00fablica tanto en los desfiles procesionales que organiza esta Cofrad\u00eda como en otras celebraciones. La reliquia fue entregada en [&hellip;]<\/p>\n","protected":false},"author":1,"featured_media":0,"comment_status":"open","ping_status":"open","sticky":false,"template":"","format":"standard","meta":{"footnotes":""},"categories":[28],"tags":[],"class_list":["post-4789","post","type-post","status-publish","format-standard","hentry","category-historico"],"_links":{"self":[{"href":"https:\/\/pruebas.cursopracticoseo.com\/wordpress_o\/wp-json\/wp\/v2\/posts\/4789","targetHints":{"allow":["GET"]}}],"collection":[{"href":"https:\/\/pruebas.cursopracticoseo.com\/wordpress_o\/wp-json\/wp\/v2\/posts"}],"about":[{"href":"https:\/\/pruebas.cursopracticoseo.com\/wordpress_o\/wp-json\/wp\/v2\/types\/post"}],"author":[{"embeddable":true,"href":"https:\/\/pruebas.cursopracticoseo.com\/wordpress_o\/wp-json\/wp\/v2\/users\/1"}],"replies":[{"embeddable":true,"href":"https:\/\/pruebas.cursopracticoseo.com\/wordpress_o\/wp-json\/wp\/v2\/comments?post=4789"}],"version-history":[{"count":0,"href":"https:\/\/pruebas.cursopracticoseo.com\/wordpress_o\/wp-json\/wp\/v2\/posts\/4789\/revisions"}],"wp:attachment":[{"href":"https:\/\/pruebas.cursopracticoseo.com\/wordpress_o\/wp-json\/wp\/v2\/media?parent=4789"}],"wp:term":[{"taxonomy":"category","embeddable":true,"href":"https:\/\/pruebas.cursopracticoseo.com\/wordpress_o\/wp-json\/wp\/v2\/categories?post=4789"},{"taxonomy":"post_tag","embeddable":true,"href":"https:\/\/pruebas.cursopracticoseo.com\/wordpress_o\/wp-json\/wp\/v2\/tags?post=4789"}],"curies":[{"name":"wp","href":"https:\/\/api.w.org\/{rel}","templated":true}]}}