{"id":4785,"date":"2018-10-29T00:00:00","date_gmt":"2018-10-29T00:00:00","guid":{"rendered":"https:\/\/pruebas.cursopracticoseo.com\/wordpress_o\/la-junta-mayor-de-cofradias-y-hermandades-de-la-semana-santa-de-leon-elige-pregonero-de-la-semana-santa-de-leon-del-ano-2019\/"},"modified":"2018-10-29T00:00:00","modified_gmt":"2018-10-29T00:00:00","slug":"la-junta-mayor-de-cofradias-y-hermandades-de-la-semana-santa-de-leon-elige-pregonero-de-la-semana-santa-de-leon-del-ano-2019","status":"publish","type":"post","link":"https:\/\/pruebas.cursopracticoseo.com\/wordpress_o\/la-junta-mayor-de-cofradias-y-hermandades-de-la-semana-santa-de-leon-elige-pregonero-de-la-semana-santa-de-leon-del-ano-2019\/","title":{"rendered":"LA JUNTA MAYOR DE COFRAD\u00cdAS Y HERMANDADES DE LA SEMANA SANTA DE LE\u00d3N ELIGE PREGONERO DE LA SEMANA SANTA DE LE\u00d3N DEL A\u00d1O 2019"},"content":{"rendered":"<p>El Pleno de la Junta Mayor de la Semana Santa de Le\u00f3n, reunido el pasado jueves 18 de octubre, ha acordado nombrar Pregonero de la Semana Santa 2019 a Don H\u00e9ctor Luis Su\u00e1rez P\u00e9rez.<\/p>\n<p>El Preg\u00f3n se celebrar\u00e1, D.M., el s\u00e1bado 6 de abril de 2019 en el Auditorio Ciudad de Le\u00f3n.<\/p>\n<p>La Junta Mayor felicita al hermano H\u00e9ctor Luis y le transmite sus mejores deseos para la tarea que se le ha encomendado.<\/p>\n<p>\u00a1Qu\u00e9 sea enhorabuena!<\/p>\n<p>Don H\u00e9ctor Luis Su\u00e1rez P\u00e9rez es leon\u00e9s, del barrio de Santa Marina.<\/p>\n<p>Desde el punto de vista cofrade, pap\u00f3n de seis cofrad\u00edas de Semana Santa y de la de \u00c1nimas del Malvar. Es uno de los fundadores de la Cofrad\u00eda del Sant\u00edsimo Cristo de la Expiraci\u00f3n y del Silencio. Secretario del Comit\u00e9 Nacional Intercongresos de Cofrad\u00edas de Jes\u00fas Cautivo, Recatado y de Medinaceli. Responsable de la recuperaci\u00f3n y puesta en valor de instrumentos, melod\u00edas, protocolos utilizados anta\u00f1o por las cofrad\u00edas y olvidados en el transcurrir del tiempo. Comisario de exposiciones y eventos de diferente \u00edndole relacionados con la etnomusicolog\u00eda, la piedad popular y el mundo cofrade, as\u00ed como del VII Congreso de Cofrad\u00edas y Hermandades de Jes\u00fas Cautivo, Rescatado y de Medinaceli celebrado en Le\u00f3n en el a\u00f1o 2007. Autor de numerosos art\u00edculos tanto acad\u00e9micos como divulgativos sobre la Semana Santa as\u00ed como del imprescindible y enciclop\u00e9dico volumen \u201cLa desconocida Semana Santa de la provincia de Le\u00f3n\u201d, en su d\u00eda premiado como mejor publicaci\u00f3n del a\u00f1o por el Instituto Leon\u00e9s de Cultura.<\/p>\n<p>Desde el punto de vista acad\u00e9mico y profesional, es Doctor por la Universidad de Valladolid. Profesor desde hace veinticinco a\u00f1os en el Conservatorio Crist\u00f3bal Halffter de Ponferrada. Ha sido durante una d\u00e9cada Profesor Asociado de la Facultad de Educaci\u00f3n de la Universidad de Le\u00f3n. Destacan sus estudios de investigaci\u00f3n y su labor divulgadora en temas relacionados con la m\u00fasica popular en la tradici\u00f3n leonesa y espa\u00f1ola.<\/p>\n","protected":false},"excerpt":{"rendered":"<p>El Pleno de la Junta Mayor de la Semana Santa de Le\u00f3n, reunido el pasado jueves 18 de octubre, ha acordado nombrar Pregonero de la Semana Santa 2019 a Don H\u00e9ctor Luis Su\u00e1rez P\u00e9rez. El Preg\u00f3n se celebrar\u00e1, D.M., el s\u00e1bado 6 de abril de 2019 en el Auditorio Ciudad de Le\u00f3n. La Junta Mayor [&hellip;]<\/p>\n","protected":false},"author":1,"featured_media":0,"comment_status":"open","ping_status":"open","sticky":false,"template":"","format":"standard","meta":{"footnotes":""},"categories":[28],"tags":[],"class_list":["post-4785","post","type-post","status-publish","format-standard","hentry","category-historico"],"_links":{"self":[{"href":"https:\/\/pruebas.cursopracticoseo.com\/wordpress_o\/wp-json\/wp\/v2\/posts\/4785","targetHints":{"allow":["GET"]}}],"collection":[{"href":"https:\/\/pruebas.cursopracticoseo.com\/wordpress_o\/wp-json\/wp\/v2\/posts"}],"about":[{"href":"https:\/\/pruebas.cursopracticoseo.com\/wordpress_o\/wp-json\/wp\/v2\/types\/post"}],"author":[{"embeddable":true,"href":"https:\/\/pruebas.cursopracticoseo.com\/wordpress_o\/wp-json\/wp\/v2\/users\/1"}],"replies":[{"embeddable":true,"href":"https:\/\/pruebas.cursopracticoseo.com\/wordpress_o\/wp-json\/wp\/v2\/comments?post=4785"}],"version-history":[{"count":0,"href":"https:\/\/pruebas.cursopracticoseo.com\/wordpress_o\/wp-json\/wp\/v2\/posts\/4785\/revisions"}],"wp:attachment":[{"href":"https:\/\/pruebas.cursopracticoseo.com\/wordpress_o\/wp-json\/wp\/v2\/media?parent=4785"}],"wp:term":[{"taxonomy":"category","embeddable":true,"href":"https:\/\/pruebas.cursopracticoseo.com\/wordpress_o\/wp-json\/wp\/v2\/categories?post=4785"},{"taxonomy":"post_tag","embeddable":true,"href":"https:\/\/pruebas.cursopracticoseo.com\/wordpress_o\/wp-json\/wp\/v2\/tags?post=4785"}],"curies":[{"name":"wp","href":"https:\/\/api.w.org\/{rel}","templated":true}]}}