{"id":4783,"date":"2018-11-10T00:00:00","date_gmt":"2018-11-10T00:00:00","guid":{"rendered":"https:\/\/pruebas.cursopracticoseo.com\/wordpress_o\/fallado-el-concurso-del-cartel-de-la-semana-santa-2019\/"},"modified":"2018-11-10T00:00:00","modified_gmt":"2018-11-10T00:00:00","slug":"fallado-el-concurso-del-cartel-de-la-semana-santa-2019","status":"publish","type":"post","link":"https:\/\/pruebas.cursopracticoseo.com\/wordpress_o\/fallado-el-concurso-del-cartel-de-la-semana-santa-2019\/","title":{"rendered":"FALLADO EL CONCURSO DEL CARTEL DE LA SEMANA SANTA 2019"},"content":{"rendered":"<p>La Junta Mayor de la Semana Santa de Le\u00f3n informa que se ha seleccionado la fotograf\u00eda que se convertir\u00e1 en el cartel oficial de la Semana Santa de 2019.<\/p>\n<p>Seg\u00fan lo previsto en las bases de la convocatoria del cartel se han elegido tres fotograf\u00edas entre las ciento setenta y seis obras presentadas a concurso. Las premiadas son:<\/p>\n<p>Primer premio dotado con 500 Euros y el cartel enmarcado para la obra \u201cCoronaci\u00f3n\u201d presentada por D. Eusebio Alaiz Puente.<\/p>\n<p>Segundo premio dotado con 250 euros para la obra \u201cEspinas\u201d presentada por D\u00f1a. Sagrario Aparicio Franco.<\/p>\n<p>Tercer Premio dotado con 150 euros para la obra \u201dCrucificado entre sombras\u201d presentada por D. Miguel Su\u00e1rez Seijas.<\/p>\n<p>Estas tres fotograf\u00edas junto a otras veinticinco seleccionadas por el jurado formar\u00e1n parte de una exposici\u00f3n que abrir\u00e1 sus puertas coincidiendo con la presentaci\u00f3n del cartel de la Semana Santa 2019 y que hasta mediados del mes de diciembre se podr\u00e1 visitar en Casa de las Carnicer\u00edas, Plaza San Mart\u00edn, 11, de Le\u00f3n.<\/p>\n<p>El jurado estuvo integrado por los diecis\u00e9is Abades de las Cofrad\u00edas o sus representantes, miembros del Pleno de la Junta Mayor y por expertos en fotograf\u00eda y dise\u00f1o gr\u00e1fico: D. Mauricio Pe\u00f1a de Haro, D. Carlos S\u00e1nchez Campillo, D. Carlos Garc\u00eda Valverde, D\u00f1a. Cori Fern\u00e1ndez V\u00e1zquez, D. \u00c1lvaro Fern\u00e1ndez Reg\u00falez, D.Ramiro L\u00f3pez Lobato, D. Secundino P\u00e9rez y D. Julio Llamas Diez.<\/p>\n<p>La Junta Mayor felicita a los ganadores, agradece a todos los participantes su inter\u00e9s en el concurso y a los miembros del jurado su desinteresada aportaci\u00f3n en la elecci\u00f3n de la que ser\u00e1 imagen de nuestra Semana Santa en el a\u00f1o 2019.<\/p>\n<p>La presentaci\u00f3n del cartel oficial de la Semana Santa de 2019 tendr\u00e1 lugar el pr\u00f3ximo s\u00e1bado 17 de noviembre a las 19:00 horas en Casa de las Carnicer\u00edas, Plaza San Mart\u00edn, 11, de Le\u00f3n.<\/p>\n","protected":false},"excerpt":{"rendered":"<p>La Junta Mayor de la Semana Santa de Le\u00f3n informa que se ha seleccionado la fotograf\u00eda que se convertir\u00e1 en el cartel oficial de la Semana Santa de 2019. Seg\u00fan lo previsto en las bases de la convocatoria del cartel se han elegido tres fotograf\u00edas entre las ciento setenta y seis obras presentadas a concurso. [&hellip;]<\/p>\n","protected":false},"author":1,"featured_media":0,"comment_status":"open","ping_status":"open","sticky":false,"template":"","format":"standard","meta":{"footnotes":""},"categories":[28],"tags":[],"class_list":["post-4783","post","type-post","status-publish","format-standard","hentry","category-historico"],"_links":{"self":[{"href":"https:\/\/pruebas.cursopracticoseo.com\/wordpress_o\/wp-json\/wp\/v2\/posts\/4783","targetHints":{"allow":["GET"]}}],"collection":[{"href":"https:\/\/pruebas.cursopracticoseo.com\/wordpress_o\/wp-json\/wp\/v2\/posts"}],"about":[{"href":"https:\/\/pruebas.cursopracticoseo.com\/wordpress_o\/wp-json\/wp\/v2\/types\/post"}],"author":[{"embeddable":true,"href":"https:\/\/pruebas.cursopracticoseo.com\/wordpress_o\/wp-json\/wp\/v2\/users\/1"}],"replies":[{"embeddable":true,"href":"https:\/\/pruebas.cursopracticoseo.com\/wordpress_o\/wp-json\/wp\/v2\/comments?post=4783"}],"version-history":[{"count":0,"href":"https:\/\/pruebas.cursopracticoseo.com\/wordpress_o\/wp-json\/wp\/v2\/posts\/4783\/revisions"}],"wp:attachment":[{"href":"https:\/\/pruebas.cursopracticoseo.com\/wordpress_o\/wp-json\/wp\/v2\/media?parent=4783"}],"wp:term":[{"taxonomy":"category","embeddable":true,"href":"https:\/\/pruebas.cursopracticoseo.com\/wordpress_o\/wp-json\/wp\/v2\/categories?post=4783"},{"taxonomy":"post_tag","embeddable":true,"href":"https:\/\/pruebas.cursopracticoseo.com\/wordpress_o\/wp-json\/wp\/v2\/tags?post=4783"}],"curies":[{"name":"wp","href":"https:\/\/api.w.org\/{rel}","templated":true}]}}