{"id":4781,"date":"2018-11-17T00:00:00","date_gmt":"2018-11-17T00:00:00","guid":{"rendered":"https:\/\/pruebas.cursopracticoseo.com\/wordpress_o\/presentacion-del-cartel-de-la-semana-santa-2019\/"},"modified":"2018-11-17T00:00:00","modified_gmt":"2018-11-17T00:00:00","slug":"presentacion-del-cartel-de-la-semana-santa-2019","status":"publish","type":"post","link":"https:\/\/pruebas.cursopracticoseo.com\/wordpress_o\/presentacion-del-cartel-de-la-semana-santa-2019\/","title":{"rendered":"PRESENTACI\u00d3N DEL CARTEL DE LA  SEMANA SANTA 2019"},"content":{"rendered":"<p>En la tarde de hoy 17 de noviembre, en la Casa de las Carnicer\u00edas, Plaza San Mart\u00edn, 11, de Le\u00f3n, se ha presentado el cartel oficial de la Semana Santa 2019.<\/p>\n<p>La Junta Mayor de Cofrad\u00edas y Hermandades de la Semana Santa de Le\u00f3n ha elegido como obra ganadora del concurso del cartel de la Semana Santa 2019 la fotograf\u00eda titulada \u201cCoronaci\u00f3n\u201d presentada por D. Eusebio Alaiz Puente.<\/p>\n<p>La fotograf\u00eda seleccionada muestra una instant\u00e1nea del paso La Coronaci\u00f3n de Espinas de la Cofrad\u00eda del Dulce Nombre de Jes\u00fas Nazareno, uno de los conjuntos hist\u00f3ricos que posee esta Cofrad\u00eda. La obra es un fotomontaje de dicho trono con las vidrieras de la Catedral de Le\u00f3n de fondo, donde el autor quiere reflejar una Coronaci\u00f3n a estilo de grandes Reyes.<\/p>\n<p>Las tres fotograf\u00edas finalistas, as\u00ed como otras 25 seleccionadas por el jurado, formar\u00e1n parte de una exposici\u00f3n que a partir de hoy 17 de noviembre hasta el 31 de diciembre se podr\u00e1 visitar en la Casa de las Carnicer\u00edas, Plaza San Mart\u00edn, 11, de Le\u00f3n, en horarios de 19:00 a 21:00 horas de lunes a viernes y de 12:00 a 14:00 hora festivos.<\/p>\n<p>Con las fotos seleccionadas en el concurso, se ha confeccionado adem\u00e1s un calendario en el que se se\u00f1alan las fechas de los actos principales de cada cofrad\u00eda. Este calendario, del que se han editado 200 ejemplares, estar\u00e1 a la venta en los pr\u00f3ximos d\u00edas.<\/p>\n<p>Completa este material promocional el cartel del que se han editado 3.000 ejemplares y una postal que reproduce el cartel de la que se han hecho 10.000 copias.<\/p>\n<p>La Junta Mayor de Cofrad\u00edas de Semana Santa de la ciudad de Le\u00f3n agradece su ayuda al Excmo. Ayuntamiento de Le\u00f3n, a la C\u00e1mara de Comercio y a todos cuantos han participado, bien sea como fot\u00f3grafos o como jurado en el concurso para la elecci\u00f3n del cartel promocional de nuestra Semana Santa.<\/p>\n","protected":false},"excerpt":{"rendered":"<p>En la tarde de hoy 17 de noviembre, en la Casa de las Carnicer\u00edas, Plaza San Mart\u00edn, 11, de Le\u00f3n, se ha presentado el cartel oficial de la Semana Santa 2019. La Junta Mayor de Cofrad\u00edas y Hermandades de la Semana Santa de Le\u00f3n ha elegido como obra ganadora del concurso del cartel de la [&hellip;]<\/p>\n","protected":false},"author":1,"featured_media":0,"comment_status":"open","ping_status":"open","sticky":false,"template":"","format":"standard","meta":{"footnotes":""},"categories":[28],"tags":[],"class_list":["post-4781","post","type-post","status-publish","format-standard","hentry","category-historico"],"_links":{"self":[{"href":"https:\/\/pruebas.cursopracticoseo.com\/wordpress_o\/wp-json\/wp\/v2\/posts\/4781","targetHints":{"allow":["GET"]}}],"collection":[{"href":"https:\/\/pruebas.cursopracticoseo.com\/wordpress_o\/wp-json\/wp\/v2\/posts"}],"about":[{"href":"https:\/\/pruebas.cursopracticoseo.com\/wordpress_o\/wp-json\/wp\/v2\/types\/post"}],"author":[{"embeddable":true,"href":"https:\/\/pruebas.cursopracticoseo.com\/wordpress_o\/wp-json\/wp\/v2\/users\/1"}],"replies":[{"embeddable":true,"href":"https:\/\/pruebas.cursopracticoseo.com\/wordpress_o\/wp-json\/wp\/v2\/comments?post=4781"}],"version-history":[{"count":0,"href":"https:\/\/pruebas.cursopracticoseo.com\/wordpress_o\/wp-json\/wp\/v2\/posts\/4781\/revisions"}],"wp:attachment":[{"href":"https:\/\/pruebas.cursopracticoseo.com\/wordpress_o\/wp-json\/wp\/v2\/media?parent=4781"}],"wp:term":[{"taxonomy":"category","embeddable":true,"href":"https:\/\/pruebas.cursopracticoseo.com\/wordpress_o\/wp-json\/wp\/v2\/categories?post=4781"},{"taxonomy":"post_tag","embeddable":true,"href":"https:\/\/pruebas.cursopracticoseo.com\/wordpress_o\/wp-json\/wp\/v2\/tags?post=4781"}],"curies":[{"name":"wp","href":"https:\/\/api.w.org\/{rel}","templated":true}]}}