{"id":4778,"date":"2018-11-25T00:00:00","date_gmt":"2018-11-25T00:00:00","guid":{"rendered":"https:\/\/pruebas.cursopracticoseo.com\/wordpress_o\/antonio-trobajo-inaugura-el-plan-de-formacion-cofrade-sin-perder-el-paso-2018-2019-de-la-bienaventuranza\/"},"modified":"2018-11-25T00:00:00","modified_gmt":"2018-11-25T00:00:00","slug":"antonio-trobajo-inaugura-el-plan-de-formacion-cofrade-sin-perder-el-paso-2018-2019-de-la-bienaventuranza","status":"publish","type":"post","link":"https:\/\/pruebas.cursopracticoseo.com\/wordpress_o\/antonio-trobajo-inaugura-el-plan-de-formacion-cofrade-sin-perder-el-paso-2018-2019-de-la-bienaventuranza\/","title":{"rendered":"Antonio Trobajo inaugura el plan de formaci\u00f3n cofrade \u00abSin perder el paso\u00bb 2018\/2019 de la Bienaventuranza"},"content":{"rendered":"<p>Tras la positiva experiencia del curso pasado, la cofrad\u00eda del Santo Cristo de la Bienaventuranza de Le\u00f3n pone en marcha la segunda edici\u00f3n de su plan de formaci\u00f3n cofrade \u00abSin perder el paso\u00bb, con el que pretende profundizar en diferentes aspectos que tienen que ver con el mundo \u2018semanasantero\u2019.<\/p>\n<p>A lo largo de este curso 2018\/2019 se celebrar\u00e1n seis sesiones que, entre los meses de noviembre y junio, tendr\u00e1n lugar en la sede social de la cofrad\u00eda (C\/ Cipriano de la Huerga, 10) a las 20:30 h., y a las que podr\u00e1n asistir \u2013hasta completar aforo\u2013 todas aquellas personas que tengan inter\u00e9s en los temas planteados.<\/p>\n<p>\u00abSin perder el paso\u00bb comienza el pr\u00f3ximo lunes, 26 de noviembre, de la mano de Antonio Trobajo, con una sesi\u00f3n que lleva por t\u00edtulo \u00abEsp\u00edritu cofrade y otros esp\u00edtus\u00bb, en la que profundizar\u00e1 en lo que significa \u2013y\/o ha de significar\u2013 para un cristiano formar parte de una cofrad\u00eda.<\/p>\n<p>Antonio Trobajo ha desempe\u00f1ado diferentes cargos en la di\u00f3cesis de Le\u00f3n \u2013incluidos el de vicario general, rector del Seminario Mayor o director del Centro Superior de Estudios Teol\u00f3gicos\u2013 y, en la actualidad, es el Vicario episcopal de Relaciones P\u00fablicas, as\u00ed como de\u00e1n de la catedral legionense.<\/p>\n<p>Adem\u00e1s, Trobajo conoce de primera mano los entresijos de la Semana Santa leonesa \u2013ha sido presidente delegado de la Junta Mayor, pregonero, conferenciante\u2026\u2013 lo que, unido a su faceta de comunicador, hace que su intervenci\u00f3n en \u00abSin perder el paso\u00bb tenga todos los ingredientes para ser, cuando menos, provechosa.<\/p>\n<p>Programaci\u00f3n<\/p>\n<p>Primera sesi\u00f3n. 26 de noviembre de 2018<\/p>\n<p>Esp\u00edritu cofrade y otros esp\u00edritus<\/p>\n<p>Antonio Trobajo<\/p>\n<p>Vicario episcopal de Relaciones P\u00fablicas de la di\u00f3cesis de Le\u00f3n<\/p>\n<p>Segunda sesi\u00f3n. 17 de diciembre de 2018<\/p>\n<p>La juventud cofrade y otras cuestiones \u2018semanasanteras\u2019, desde un punto de vista diferente\u2026 o no<\/p>\n<p>Jos\u00e9 Ignacio Boada Gasulla<\/p>\n<p>Ex presidente de la Agrupaci\u00f3n de Asociaciones de Semana Santa de Tarragona<\/p>\n<p>Tercera sesi\u00f3n. 21 de enero de 2019<\/p>\n<p>Alcance pastoral de la vida cofrade<\/p>\n<p>Jes\u00fas Miguel Mart\u00edn Ortega<\/p>\n<p>Vicario episcopal de Pastoral y del Clero de la di\u00f3cesis de Le\u00f3n<\/p>\n<p>Cuarta sesi\u00f3n. 18 de marzo de 2019<\/p>\n<p>Significado y simbolog\u00eda de la devoci\u00f3n popular<\/p>\n<p>Francisco Javier Boada Gonz\u00e1lez<\/p>\n<p>Capell\u00e1n castrense de la Academia B\u00e1sica del Aire de La Virgen del Camino (Le\u00f3n)<\/p>\n<p>Quinta sesi\u00f3n. 13 de mayo de 2019<\/p>\n<p>Cofrad\u00edas y derecho aplicable. \u00bfCumplimos las normas?<\/p>\n<p>Jorge Revenga<\/p>\n<p>Abogado en ejercicio y hermano de varias cofrad\u00edas<\/p>\n<p>Sexta sesi\u00f3n. 3 de junio de 2019<\/p>\n<p>La cofrad\u00eda, en la parroquia<\/p>\n<p>Anesio Iglesias Bajo<\/p>\n<p>P\u00e1rroco de San Claudio (Le\u00f3n)<\/p>\n","protected":false},"excerpt":{"rendered":"<p>Tras la positiva experiencia del curso pasado, la cofrad\u00eda del Santo Cristo de la Bienaventuranza de Le\u00f3n pone en marcha la segunda edici\u00f3n de su plan de formaci\u00f3n cofrade \u00abSin perder el paso\u00bb, con el que pretende profundizar en diferentes aspectos que tienen que ver con el mundo \u2018semanasantero\u2019. A lo largo de este curso [&hellip;]<\/p>\n","protected":false},"author":1,"featured_media":0,"comment_status":"open","ping_status":"open","sticky":false,"template":"","format":"standard","meta":{"footnotes":""},"categories":[28],"tags":[],"class_list":["post-4778","post","type-post","status-publish","format-standard","hentry","category-historico"],"_links":{"self":[{"href":"https:\/\/pruebas.cursopracticoseo.com\/wordpress_o\/wp-json\/wp\/v2\/posts\/4778","targetHints":{"allow":["GET"]}}],"collection":[{"href":"https:\/\/pruebas.cursopracticoseo.com\/wordpress_o\/wp-json\/wp\/v2\/posts"}],"about":[{"href":"https:\/\/pruebas.cursopracticoseo.com\/wordpress_o\/wp-json\/wp\/v2\/types\/post"}],"author":[{"embeddable":true,"href":"https:\/\/pruebas.cursopracticoseo.com\/wordpress_o\/wp-json\/wp\/v2\/users\/1"}],"replies":[{"embeddable":true,"href":"https:\/\/pruebas.cursopracticoseo.com\/wordpress_o\/wp-json\/wp\/v2\/comments?post=4778"}],"version-history":[{"count":0,"href":"https:\/\/pruebas.cursopracticoseo.com\/wordpress_o\/wp-json\/wp\/v2\/posts\/4778\/revisions"}],"wp:attachment":[{"href":"https:\/\/pruebas.cursopracticoseo.com\/wordpress_o\/wp-json\/wp\/v2\/media?parent=4778"}],"wp:term":[{"taxonomy":"category","embeddable":true,"href":"https:\/\/pruebas.cursopracticoseo.com\/wordpress_o\/wp-json\/wp\/v2\/categories?post=4778"},{"taxonomy":"post_tag","embeddable":true,"href":"https:\/\/pruebas.cursopracticoseo.com\/wordpress_o\/wp-json\/wp\/v2\/tags?post=4778"}],"curies":[{"name":"wp","href":"https:\/\/api.w.org\/{rel}","templated":true}]}}