{"id":4773,"date":"2018-12-15T00:00:00","date_gmt":"2018-12-15T00:00:00","guid":{"rendered":"https:\/\/pruebas.cursopracticoseo.com\/wordpress_o\/una-navidad-de-cuento-2018\/"},"modified":"2018-12-15T00:00:00","modified_gmt":"2018-12-15T00:00:00","slug":"una-navidad-de-cuento-2018","status":"publish","type":"post","link":"https:\/\/pruebas.cursopracticoseo.com\/wordpress_o\/una-navidad-de-cuento-2018\/","title":{"rendered":"Una Navidad de Cuento 2018"},"content":{"rendered":"<p>Llegan las fiestas navide\u00f1as y nuestra cofrad\u00eda quiere celebrarlas con todos los hermanos y ayudar a los m\u00e1s necesitados a trav\u00e9s de nuestra obra social. Por ello, un a\u00f1o m\u00e1s, el pr\u00f3ximo s\u00e1bado, 15 de diciembre, celebraremos \u201cUna Navidad de Cuento\u201d. Como ya se realiz\u00f3 el a\u00f1o pasado, y tras el existo alcanzado, el viernes y el s\u00e1bado se recoger\u00e1n alimentos no perecederos en los siguientes supermercados: \u2022 Carrefour Express \u2013 Av. Rep\u00fablica Argentina, 26 \u2022 Mas y Mas \u2013 Calle Covadonga, 5 \u2022 D\u00eda \u2013 Calle P\u00e1rroco Carmelo Rodr\u00edguez, 8-10 (solo s\u00e1bado por la ma\u00f1ana) Los alimentos recogidos ser\u00e1n entregados a las Conferencias de San Vicente Paul del barrio de San Claudio, quien los repartir\u00e1 entre las familias m\u00e1s necesitadas de nuestro barrio. A las 19:00 horas del s\u00e1bado partir\u00e1, desde la plaza P\u00edcara Justina, un pasacalles con el acompa\u00f1amiento musical de nuestra agrupaci\u00f3n musical, y durante el cual seguiremos recogiendo alimentos. El mismo finalizar\u00e1 en la Parroquia de San Claudio, donde a partir de las 20:00 disfrutaremos de la actuaci\u00f3n del Aula Coral del Colegio de San Claudio, y una representaci\u00f3n teatral titulada \u201cLos \u00c1ngeles Traviesos\u201d, que interpretar\u00e1n los m\u00e1s peque\u00f1os de nuestra penitencial. A continuaci\u00f3n, en el centro Ozanam, degustaremos todos juntos del tradicional chocolate.<\/p>\n","protected":false},"excerpt":{"rendered":"<p>Llegan las fiestas navide\u00f1as y nuestra cofrad\u00eda quiere celebrarlas con todos los hermanos y ayudar a los m\u00e1s necesitados a trav\u00e9s de nuestra obra social. Por ello, un a\u00f1o m\u00e1s, el pr\u00f3ximo s\u00e1bado, 15 de diciembre, celebraremos \u201cUna Navidad de Cuento\u201d. Como ya se realiz\u00f3 el a\u00f1o pasado, y tras el existo alcanzado, el viernes [&hellip;]<\/p>\n","protected":false},"author":1,"featured_media":0,"comment_status":"open","ping_status":"open","sticky":false,"template":"","format":"standard","meta":{"footnotes":""},"categories":[28],"tags":[],"class_list":["post-4773","post","type-post","status-publish","format-standard","hentry","category-historico"],"_links":{"self":[{"href":"https:\/\/pruebas.cursopracticoseo.com\/wordpress_o\/wp-json\/wp\/v2\/posts\/4773","targetHints":{"allow":["GET"]}}],"collection":[{"href":"https:\/\/pruebas.cursopracticoseo.com\/wordpress_o\/wp-json\/wp\/v2\/posts"}],"about":[{"href":"https:\/\/pruebas.cursopracticoseo.com\/wordpress_o\/wp-json\/wp\/v2\/types\/post"}],"author":[{"embeddable":true,"href":"https:\/\/pruebas.cursopracticoseo.com\/wordpress_o\/wp-json\/wp\/v2\/users\/1"}],"replies":[{"embeddable":true,"href":"https:\/\/pruebas.cursopracticoseo.com\/wordpress_o\/wp-json\/wp\/v2\/comments?post=4773"}],"version-history":[{"count":0,"href":"https:\/\/pruebas.cursopracticoseo.com\/wordpress_o\/wp-json\/wp\/v2\/posts\/4773\/revisions"}],"wp:attachment":[{"href":"https:\/\/pruebas.cursopracticoseo.com\/wordpress_o\/wp-json\/wp\/v2\/media?parent=4773"}],"wp:term":[{"taxonomy":"category","embeddable":true,"href":"https:\/\/pruebas.cursopracticoseo.com\/wordpress_o\/wp-json\/wp\/v2\/categories?post=4773"},{"taxonomy":"post_tag","embeddable":true,"href":"https:\/\/pruebas.cursopracticoseo.com\/wordpress_o\/wp-json\/wp\/v2\/tags?post=4773"}],"curies":[{"name":"wp","href":"https:\/\/api.w.org\/{rel}","templated":true}]}}