{"id":4771,"date":"2019-01-21T00:00:00","date_gmt":"2019-01-21T00:00:00","guid":{"rendered":"https:\/\/pruebas.cursopracticoseo.com\/wordpress_o\/el-vicario-de-pastoral-destaca-en-sin-perder-el-paso-el-papel-que-los-seglares-entre-ellos-los-cofrades-que-han-de-desempenar-en-la-iglesia\/"},"modified":"2019-01-21T00:00:00","modified_gmt":"2019-01-21T00:00:00","slug":"el-vicario-de-pastoral-destaca-en-sin-perder-el-paso-el-papel-que-los-seglares-entre-ellos-los-cofrades-que-han-de-desempenar-en-la-iglesia","status":"publish","type":"post","link":"https:\/\/pruebas.cursopracticoseo.com\/wordpress_o\/el-vicario-de-pastoral-destaca-en-sin-perder-el-paso-el-papel-que-los-seglares-entre-ellos-los-cofrades-que-han-de-desempenar-en-la-iglesia\/","title":{"rendered":"El vicario de Pastoral destaca en \u00abSin perder el paso\u00bb el papel que los seglares \u2013entre ellos los cofrades\u2013 que han de desempe\u00f1ar en la Iglesia"},"content":{"rendered":"<p>La Cofrad\u00eda del Santo Cristo de la Bienaventuranza de Le\u00f3n organizaba, el pasado lunes, 21 de enero, una nueva sesi\u00f3n de su plan de formaci\u00f3n cofrade \u00abSin perder el paso\u00bb 2018\/2019, titulada \u00abAlcance pastoral de la vida cofrade\u00bb y dirigida por Jes\u00fas Miguel Mart\u00edn Ortega, vicario episcopal de Pastoral de la di\u00f3cesis de Le\u00f3n. Mart\u00edn Ortega resalt\u00f3 el papel que los seglares \u2013y, entre ellos, los cofrades\u2013 est\u00e1n llamados a desempe\u00f1ar en una Iglesia que vive tiempos de cambio que exigen una nueva mentalidad. El \u00abtoda la vida se ha hecho as\u00ed\u00bb no siempre sirve, sentenci\u00f3. Asimismo, destac\u00f3 el binomio comuni\u00f3n-misi\u00f3n que ya puso de relieve san Juan Pablo II en su exhortaci\u00f3n apost\u00f3lica Christifideles Laici, en la que se recogen los cinco criterios de eclesialidad fundamentales para las asociaciones de fieles \u2013entre las que se encuentran las cofrad\u00edas\u2013, a saber: el primado que se da a la vocaci\u00f3n de cada cristiano a la santidad; la responsabilidad de confesar la fe cat\u00f3lica, acogiendo y proclamando la verdad sobre Cristo, sobre la Iglesia y sobre el hombre, en la obediencia al Magisterio; el testimonio de una comuni\u00f3n firme y convencida en filial relaci\u00f3n con el papa y con el obispo; la conformidad y la participaci\u00f3n en el \u00abfin apost\u00f3lico de la Iglesia\u00bb que es la evangelizaci\u00f3n; y el comprometerse en una presencia en la sociedad humana que, a la luz de la doctrina social de la Iglesia, se ponga al servicio de la dignidad integral del hombre. Esos criterios de eclesialidad \u2013a\u00f1adi\u00f3\u2013 se comprueban en frutos concretos, uno de los cuales es la disponibilidad a participar en los programas y actividades de la Iglesia. Y, en este sentido, record\u00f3 que la di\u00f3cesis de Le\u00f3n cuenta con un Plan Pastoral quinquenal \u2013el actual, 2015-2020\u2013, que hace hincapi\u00e9 en distintos aspectos y se desarrolla en programas anuales; y no cerr\u00f3 la puerta a que, en el futuro, lo cofrade pudiera tener una mayor \u2018presencia\u2019 expl\u00edcita.<\/p>\n","protected":false},"excerpt":{"rendered":"<p>La Cofrad\u00eda del Santo Cristo de la Bienaventuranza de Le\u00f3n organizaba, el pasado lunes, 21 de enero, una nueva sesi\u00f3n de su plan de formaci\u00f3n cofrade \u00abSin perder el paso\u00bb 2018\/2019, titulada \u00abAlcance pastoral de la vida cofrade\u00bb y dirigida por Jes\u00fas Miguel Mart\u00edn Ortega, vicario episcopal de Pastoral de la di\u00f3cesis de Le\u00f3n. Mart\u00edn [&hellip;]<\/p>\n","protected":false},"author":1,"featured_media":0,"comment_status":"open","ping_status":"open","sticky":false,"template":"","format":"standard","meta":{"footnotes":""},"categories":[28],"tags":[],"class_list":["post-4771","post","type-post","status-publish","format-standard","hentry","category-historico"],"_links":{"self":[{"href":"https:\/\/pruebas.cursopracticoseo.com\/wordpress_o\/wp-json\/wp\/v2\/posts\/4771","targetHints":{"allow":["GET"]}}],"collection":[{"href":"https:\/\/pruebas.cursopracticoseo.com\/wordpress_o\/wp-json\/wp\/v2\/posts"}],"about":[{"href":"https:\/\/pruebas.cursopracticoseo.com\/wordpress_o\/wp-json\/wp\/v2\/types\/post"}],"author":[{"embeddable":true,"href":"https:\/\/pruebas.cursopracticoseo.com\/wordpress_o\/wp-json\/wp\/v2\/users\/1"}],"replies":[{"embeddable":true,"href":"https:\/\/pruebas.cursopracticoseo.com\/wordpress_o\/wp-json\/wp\/v2\/comments?post=4771"}],"version-history":[{"count":0,"href":"https:\/\/pruebas.cursopracticoseo.com\/wordpress_o\/wp-json\/wp\/v2\/posts\/4771\/revisions"}],"wp:attachment":[{"href":"https:\/\/pruebas.cursopracticoseo.com\/wordpress_o\/wp-json\/wp\/v2\/media?parent=4771"}],"wp:term":[{"taxonomy":"category","embeddable":true,"href":"https:\/\/pruebas.cursopracticoseo.com\/wordpress_o\/wp-json\/wp\/v2\/categories?post=4771"},{"taxonomy":"post_tag","embeddable":true,"href":"https:\/\/pruebas.cursopracticoseo.com\/wordpress_o\/wp-json\/wp\/v2\/tags?post=4771"}],"curies":[{"name":"wp","href":"https:\/\/api.w.org\/{rel}","templated":true}]}}