{"id":4768,"date":"2019-01-27T00:00:00","date_gmt":"2019-01-27T00:00:00","guid":{"rendered":"https:\/\/pruebas.cursopracticoseo.com\/wordpress_o\/junta-mayor-de-la-semana-santa-de-leon-in-memorian-d-fernando-sebastian-aguilar\/"},"modified":"2019-01-27T00:00:00","modified_gmt":"2019-01-27T00:00:00","slug":"junta-mayor-de-la-semana-santa-de-leon-in-memorian-d-fernando-sebastian-aguilar","status":"publish","type":"post","link":"https:\/\/pruebas.cursopracticoseo.com\/wordpress_o\/junta-mayor-de-la-semana-santa-de-leon-in-memorian-d-fernando-sebastian-aguilar\/","title":{"rendered":"JUNTA MAYOR DE LA SEMANA SANTA DE LE\u00d3N IN MEMORIAN: D. FERNANDO SEBASTI\u00c1N AGUILAR"},"content":{"rendered":"<p>La Junta Mayor de la Semana Santa de Le\u00f3n, en nombre de todas las Cofrad\u00edas y Hermandades de la Semana Santa de la ciudad y en el suyo propio, lamenta, profundamente, el fallecimiento de Su Eminencia Reverend\u00edsima el Cardenal D. Fernando Sebasti\u00e1n Aguilar, Obispo de Le\u00f3n entre 1979 y 1983, y pregonero de nuestra Semana Santa en el a\u00f1o 1981.<\/p>\n<p>Agradecemos su labor pastoral en nuestra Di\u00f3cesis, desarrollada entre el 29 de septiembre de 1979 y el 2 de julio de 1983, y el magisterio ejercido entre los cofrades leoneses, de modo especial, en el preg\u00f3n de la Semana Santa de 1981.<\/p>\n<p>Nos unimos en el dolor a sus familiares, Obispo Diocesano, Arzobispos y Obispos de las Di\u00f3cesis a las que sirvi\u00f3, Sacerdotes, cofrades y amigos. Elevamos nuestras oraciones por el eterno descanso de su alma y confiamos en que se encontrar\u00e1 disfrutando de la presencia de Dios Padre. Descanse en Paz.<\/p>\n","protected":false},"excerpt":{"rendered":"<p>La Junta Mayor de la Semana Santa de Le\u00f3n, en nombre de todas las Cofrad\u00edas y Hermandades de la Semana Santa de la ciudad y en el suyo propio, lamenta, profundamente, el fallecimiento de Su Eminencia Reverend\u00edsima el Cardenal D. Fernando Sebasti\u00e1n Aguilar, Obispo de Le\u00f3n entre 1979 y 1983, y pregonero de nuestra Semana [&hellip;]<\/p>\n","protected":false},"author":1,"featured_media":0,"comment_status":"open","ping_status":"open","sticky":false,"template":"","format":"standard","meta":{"footnotes":""},"categories":[28],"tags":[],"class_list":["post-4768","post","type-post","status-publish","format-standard","hentry","category-historico"],"_links":{"self":[{"href":"https:\/\/pruebas.cursopracticoseo.com\/wordpress_o\/wp-json\/wp\/v2\/posts\/4768","targetHints":{"allow":["GET"]}}],"collection":[{"href":"https:\/\/pruebas.cursopracticoseo.com\/wordpress_o\/wp-json\/wp\/v2\/posts"}],"about":[{"href":"https:\/\/pruebas.cursopracticoseo.com\/wordpress_o\/wp-json\/wp\/v2\/types\/post"}],"author":[{"embeddable":true,"href":"https:\/\/pruebas.cursopracticoseo.com\/wordpress_o\/wp-json\/wp\/v2\/users\/1"}],"replies":[{"embeddable":true,"href":"https:\/\/pruebas.cursopracticoseo.com\/wordpress_o\/wp-json\/wp\/v2\/comments?post=4768"}],"version-history":[{"count":0,"href":"https:\/\/pruebas.cursopracticoseo.com\/wordpress_o\/wp-json\/wp\/v2\/posts\/4768\/revisions"}],"wp:attachment":[{"href":"https:\/\/pruebas.cursopracticoseo.com\/wordpress_o\/wp-json\/wp\/v2\/media?parent=4768"}],"wp:term":[{"taxonomy":"category","embeddable":true,"href":"https:\/\/pruebas.cursopracticoseo.com\/wordpress_o\/wp-json\/wp\/v2\/categories?post=4768"},{"taxonomy":"post_tag","embeddable":true,"href":"https:\/\/pruebas.cursopracticoseo.com\/wordpress_o\/wp-json\/wp\/v2\/tags?post=4768"}],"curies":[{"name":"wp","href":"https:\/\/api.w.org\/{rel}","templated":true}]}}