{"id":4767,"date":"2019-02-02T00:00:00","date_gmt":"2019-02-02T00:00:00","guid":{"rendered":"https:\/\/pruebas.cursopracticoseo.com\/wordpress_o\/la-agrupacion-musical-de-la-cofradia-de-la-bienaventuranza-celebra-su-septimo-aniversario\/"},"modified":"2019-02-02T00:00:00","modified_gmt":"2019-02-02T00:00:00","slug":"la-agrupacion-musical-de-la-cofradia-de-la-bienaventuranza-celebra-su-septimo-aniversario","status":"publish","type":"post","link":"https:\/\/pruebas.cursopracticoseo.com\/wordpress_o\/la-agrupacion-musical-de-la-cofradia-de-la-bienaventuranza-celebra-su-septimo-aniversario\/","title":{"rendered":"La Agrupaci\u00f3n Musical de la Cofrad\u00eda de la Bienaventuranza celebra su s\u00e9ptimo aniversario"},"content":{"rendered":"<p>La Agrupaci\u00f3n Musical de la Cofrad\u00eda del Santo Cristo de la Bienaventuranza de Le\u00f3n cumple siete a\u00f1os de vida, y lo celebra con un concierto que tendr\u00e1 lugar el s\u00e1bado, 2 de febrero, a partir de las 20:45 h. en la iglesia parroquial de Nuestra Se\u00f1ora del Mercado. Ser\u00e1, precisamente, uno de los braceros de la Virgen del Mercado, el hist\u00f3rico pap\u00f3n Gonzalo Gonz\u00e1lez Cay\u00f3n, el encargado de presentar este concierto en el que la agrupaci\u00f3n interpretar\u00e1 cuatro nuevas marchas que son estreno este a\u00f1o: \u00abDolores y Misericordia\u00bb, de Luis Joaqu\u00edn Lancharro Cordero; \u00abNuestra Madre de la Piedad\u00bb, de Mario Infante Jurado y dedicada a la Virgen de la Piedad de la Cofrad\u00eda de la Bienaventuranza; \u00abReina de Reyes\u00bb, de Alejandro Blanco Hern\u00e1ndez; y \u00abLa Luz de la Esperanza\u00bb, de Manuel Jes\u00fas Gonz\u00e1lez Hern\u00e1ndez. La jornada tendr\u00e1, adem\u00e1s, car\u00e1cter ben\u00e9fico a favor de C\u00e1ritas Parroquial de Nuestra Se\u00f1ora del Mercado, por lo que, aunque la entrada es libre, se agradecer\u00e1 el donativo con el que, de forma voluntaria, los asistentes quieran colaborar con tal fin.<\/p>\n","protected":false},"excerpt":{"rendered":"<p>La Agrupaci\u00f3n Musical de la Cofrad\u00eda del Santo Cristo de la Bienaventuranza de Le\u00f3n cumple siete a\u00f1os de vida, y lo celebra con un concierto que tendr\u00e1 lugar el s\u00e1bado, 2 de febrero, a partir de las 20:45 h. en la iglesia parroquial de Nuestra Se\u00f1ora del Mercado. Ser\u00e1, precisamente, uno de los braceros de [&hellip;]<\/p>\n","protected":false},"author":1,"featured_media":0,"comment_status":"open","ping_status":"open","sticky":false,"template":"","format":"standard","meta":{"footnotes":""},"categories":[28],"tags":[],"class_list":["post-4767","post","type-post","status-publish","format-standard","hentry","category-historico"],"_links":{"self":[{"href":"https:\/\/pruebas.cursopracticoseo.com\/wordpress_o\/wp-json\/wp\/v2\/posts\/4767","targetHints":{"allow":["GET"]}}],"collection":[{"href":"https:\/\/pruebas.cursopracticoseo.com\/wordpress_o\/wp-json\/wp\/v2\/posts"}],"about":[{"href":"https:\/\/pruebas.cursopracticoseo.com\/wordpress_o\/wp-json\/wp\/v2\/types\/post"}],"author":[{"embeddable":true,"href":"https:\/\/pruebas.cursopracticoseo.com\/wordpress_o\/wp-json\/wp\/v2\/users\/1"}],"replies":[{"embeddable":true,"href":"https:\/\/pruebas.cursopracticoseo.com\/wordpress_o\/wp-json\/wp\/v2\/comments?post=4767"}],"version-history":[{"count":0,"href":"https:\/\/pruebas.cursopracticoseo.com\/wordpress_o\/wp-json\/wp\/v2\/posts\/4767\/revisions"}],"wp:attachment":[{"href":"https:\/\/pruebas.cursopracticoseo.com\/wordpress_o\/wp-json\/wp\/v2\/media?parent=4767"}],"wp:term":[{"taxonomy":"category","embeddable":true,"href":"https:\/\/pruebas.cursopracticoseo.com\/wordpress_o\/wp-json\/wp\/v2\/categories?post=4767"},{"taxonomy":"post_tag","embeddable":true,"href":"https:\/\/pruebas.cursopracticoseo.com\/wordpress_o\/wp-json\/wp\/v2\/tags?post=4767"}],"curies":[{"name":"wp","href":"https:\/\/api.w.org\/{rel}","templated":true}]}}