{"id":4765,"date":"2019-02-22T00:00:00","date_gmt":"2019-02-22T00:00:00","guid":{"rendered":"https:\/\/pruebas.cursopracticoseo.com\/wordpress_o\/comienzan-las-viii-jornadas-de-la-biblioteca-cofrade-de-la-bienaventuranza\/"},"modified":"2019-02-22T00:00:00","modified_gmt":"2019-02-22T00:00:00","slug":"comienzan-las-viii-jornadas-de-la-biblioteca-cofrade-de-la-bienaventuranza","status":"publish","type":"post","link":"https:\/\/pruebas.cursopracticoseo.com\/wordpress_o\/comienzan-las-viii-jornadas-de-la-biblioteca-cofrade-de-la-bienaventuranza\/","title":{"rendered":"Comienzan las VIII Jornadas de la Biblioteca Cofrade de la Bienaventuranza"},"content":{"rendered":"<p>Un a\u00f1o m\u00e1s, la Cofrad\u00eda del Santo Cristo de la Bienaventuranza de Le\u00f3n organiza sus Jornadas de la Biblioteca Cofrade que, en este 2019, alcanzan ya la octava edici\u00f3n, y que se desarrollar\u00e1n los pr\u00f3ximos 22 de febrero, y 1 y 16 de marzo, a partir de las 20:30 h. en la sede de la cofrad\u00eda (C\/ Cipriano de la Huerga, 10). La entrada es libre hasta completar el aforo. Las jornadas, que este a\u00f1o vuelven a dar protagonismo a las publicaciones cofrades leonesas \u2013las tres que se presentan vieron la luz el pasado a\u00f1o\u2013, dar\u00e1n comienzo el pr\u00f3ximo viernes, 22 de febrero, con la presentaci\u00f3n del libro \u00ab+ que Siete Palabras\u00bb, editado por la cofrad\u00eda de las Siete Palabras, que ofrecer\u00e1 el coordinador de la publicaci\u00f3n, Javier Cuadrado. El viernes siguiente, 1 de marzo, ser\u00e1 el conocido pap\u00f3n Jorge Revenga quien dar\u00e1 a conocer su \u00faltima obra, \u00abLe\u00f3n: paso a paso. Gu\u00eda de un pap\u00f3n de acera\u00bb. Las jornadas se clausurar\u00e1n el viernes, 8 de marzo, con la presentaci\u00f3n de \u00abLa Semana Santa de Le\u00f3n, de ayer a hoy\u00bb, obra de Mauricio Pe\u00f1a (fotograf\u00edas) y Xuas\u00fas Gonz\u00e1lez (textos), publicada por La Nueva Cr\u00f3nica. Durante el transcurso de esta \u00faltima jornada, se presentar\u00e1 tambi\u00e9n el cartel de la cofrad\u00eda para esta Semana Santa.<\/p>\n","protected":false},"excerpt":{"rendered":"<p>Un a\u00f1o m\u00e1s, la Cofrad\u00eda del Santo Cristo de la Bienaventuranza de Le\u00f3n organiza sus Jornadas de la Biblioteca Cofrade que, en este 2019, alcanzan ya la octava edici\u00f3n, y que se desarrollar\u00e1n los pr\u00f3ximos 22 de febrero, y 1 y 16 de marzo, a partir de las 20:30 h. en la sede de la [&hellip;]<\/p>\n","protected":false},"author":1,"featured_media":0,"comment_status":"open","ping_status":"open","sticky":false,"template":"","format":"standard","meta":{"footnotes":""},"categories":[28],"tags":[],"class_list":["post-4765","post","type-post","status-publish","format-standard","hentry","category-historico"],"_links":{"self":[{"href":"https:\/\/pruebas.cursopracticoseo.com\/wordpress_o\/wp-json\/wp\/v2\/posts\/4765","targetHints":{"allow":["GET"]}}],"collection":[{"href":"https:\/\/pruebas.cursopracticoseo.com\/wordpress_o\/wp-json\/wp\/v2\/posts"}],"about":[{"href":"https:\/\/pruebas.cursopracticoseo.com\/wordpress_o\/wp-json\/wp\/v2\/types\/post"}],"author":[{"embeddable":true,"href":"https:\/\/pruebas.cursopracticoseo.com\/wordpress_o\/wp-json\/wp\/v2\/users\/1"}],"replies":[{"embeddable":true,"href":"https:\/\/pruebas.cursopracticoseo.com\/wordpress_o\/wp-json\/wp\/v2\/comments?post=4765"}],"version-history":[{"count":0,"href":"https:\/\/pruebas.cursopracticoseo.com\/wordpress_o\/wp-json\/wp\/v2\/posts\/4765\/revisions"}],"wp:attachment":[{"href":"https:\/\/pruebas.cursopracticoseo.com\/wordpress_o\/wp-json\/wp\/v2\/media?parent=4765"}],"wp:term":[{"taxonomy":"category","embeddable":true,"href":"https:\/\/pruebas.cursopracticoseo.com\/wordpress_o\/wp-json\/wp\/v2\/categories?post=4765"},{"taxonomy":"post_tag","embeddable":true,"href":"https:\/\/pruebas.cursopracticoseo.com\/wordpress_o\/wp-json\/wp\/v2\/tags?post=4765"}],"curies":[{"name":"wp","href":"https:\/\/api.w.org\/{rel}","templated":true}]}}