{"id":4760,"date":"2019-03-10T00:00:00","date_gmt":"2019-03-10T00:00:00","guid":{"rendered":"https:\/\/pruebas.cursopracticoseo.com\/wordpress_o\/cartel-de-la-semana-santa-de-la-redencion-2019\/"},"modified":"2019-03-10T00:00:00","modified_gmt":"2019-03-10T00:00:00","slug":"cartel-de-la-semana-santa-de-la-redencion-2019","status":"publish","type":"post","link":"https:\/\/pruebas.cursopracticoseo.com\/wordpress_o\/cartel-de-la-semana-santa-de-la-redencion-2019\/","title":{"rendered":"Cartel de la Semana Santa de la Redenci\u00f3n 2019"},"content":{"rendered":"<p>Tras la celebraci\u00f3n de la toma de posesi\u00f3n de NH Guillermo Mendoza Ferreras como Abad de nuestra Cofrad\u00eda, se celebr\u00f3 un momento de confraternizaci\u00f3n en el que fue presentado el cartel de la Semana Santa del presente a\u00f1o. En el cartel, aparece un primer plano de Nuestra Madre de la Divina Gracia, fotografiada por Luisma P\u00e9rez.<\/p>\n","protected":false},"excerpt":{"rendered":"<p>Tras la celebraci\u00f3n de la toma de posesi\u00f3n de NH Guillermo Mendoza Ferreras como Abad de nuestra Cofrad\u00eda, se celebr\u00f3 un momento de confraternizaci\u00f3n en el que fue presentado el cartel de la Semana Santa del presente a\u00f1o. En el cartel, aparece un primer plano de Nuestra Madre de la Divina Gracia, fotografiada por Luisma [&hellip;]<\/p>\n","protected":false},"author":1,"featured_media":0,"comment_status":"open","ping_status":"open","sticky":false,"template":"","format":"standard","meta":{"footnotes":""},"categories":[28],"tags":[],"class_list":["post-4760","post","type-post","status-publish","format-standard","hentry","category-historico"],"_links":{"self":[{"href":"https:\/\/pruebas.cursopracticoseo.com\/wordpress_o\/wp-json\/wp\/v2\/posts\/4760","targetHints":{"allow":["GET"]}}],"collection":[{"href":"https:\/\/pruebas.cursopracticoseo.com\/wordpress_o\/wp-json\/wp\/v2\/posts"}],"about":[{"href":"https:\/\/pruebas.cursopracticoseo.com\/wordpress_o\/wp-json\/wp\/v2\/types\/post"}],"author":[{"embeddable":true,"href":"https:\/\/pruebas.cursopracticoseo.com\/wordpress_o\/wp-json\/wp\/v2\/users\/1"}],"replies":[{"embeddable":true,"href":"https:\/\/pruebas.cursopracticoseo.com\/wordpress_o\/wp-json\/wp\/v2\/comments?post=4760"}],"version-history":[{"count":0,"href":"https:\/\/pruebas.cursopracticoseo.com\/wordpress_o\/wp-json\/wp\/v2\/posts\/4760\/revisions"}],"wp:attachment":[{"href":"https:\/\/pruebas.cursopracticoseo.com\/wordpress_o\/wp-json\/wp\/v2\/media?parent=4760"}],"wp:term":[{"taxonomy":"category","embeddable":true,"href":"https:\/\/pruebas.cursopracticoseo.com\/wordpress_o\/wp-json\/wp\/v2\/categories?post=4760"},{"taxonomy":"post_tag","embeddable":true,"href":"https:\/\/pruebas.cursopracticoseo.com\/wordpress_o\/wp-json\/wp\/v2\/tags?post=4760"}],"curies":[{"name":"wp","href":"https:\/\/api.w.org\/{rel}","templated":true}]}}