{"id":4757,"date":"2019-03-23T00:00:00","date_gmt":"2019-03-23T00:00:00","guid":{"rendered":"https:\/\/pruebas.cursopracticoseo.com\/wordpress_o\/la-semana-santa-de-leon-en-sevilla\/"},"modified":"2019-03-23T00:00:00","modified_gmt":"2019-03-23T00:00:00","slug":"la-semana-santa-de-leon-en-sevilla","status":"publish","type":"post","link":"https:\/\/pruebas.cursopracticoseo.com\/wordpress_o\/la-semana-santa-de-leon-en-sevilla\/","title":{"rendered":"LA SEMANA SANTA DE LE\u00d3N EN SEVILLA"},"content":{"rendered":"<p>El d\u00eda 23 de marzo se ha celebrado el acto de Exaltaci\u00f3n de la Semana Santa de Le\u00f3n en Sevilla, tan importante evento, a contado con la presencia del Presidente D. Manuel \u00c1ngel Fern\u00e1ndez D\u00edez y otros componentes de la Junta Mayor de Cofrad\u00edas y Hermandades de la Semana Santa de Le\u00f3n, as\u00ed como un buen n\u00famero de representantes de las Cofrad\u00edas leonesas.<\/p>\n<p>El acto comenz\u00f3 con un Preg\u00f3n a cargo del leones D. Gonzalo M\u00e1rquez Garc\u00eda, licenciado en Geograf\u00eda e Historia por la Universidad de Le\u00f3n, el cual fue presentado por D\u00f1a. Aurora Garc\u00eda Mart\u00edn, pregonera del pasado a\u00f1o en el mismo evento.<\/p>\n<p>La Junta Mayor apuesta firmemente por la presencia de la Semana Santa de Le\u00f3n en cualquier evento con el fin de darla a conocer y mantenerla como uno de las efem\u00e9rides m\u00e1s significativos de nuestra ciudad.<\/p>\n<p>La asistencia a este tipo de eventos, es una buena manera de promocionar la Semana Santa de Le\u00f3n y nuestra ciudad, no solo por todo el territorial nacional, sino tambi\u00e9n por otros pa\u00edses vecinos, estableciendo igualmente v\u00ednculos entre sus cofrades.<\/p>\n","protected":false},"excerpt":{"rendered":"<p>El d\u00eda 23 de marzo se ha celebrado el acto de Exaltaci\u00f3n de la Semana Santa de Le\u00f3n en Sevilla, tan importante evento, a contado con la presencia del Presidente D. Manuel \u00c1ngel Fern\u00e1ndez D\u00edez y otros componentes de la Junta Mayor de Cofrad\u00edas y Hermandades de la Semana Santa de Le\u00f3n, as\u00ed como un [&hellip;]<\/p>\n","protected":false},"author":1,"featured_media":0,"comment_status":"open","ping_status":"open","sticky":false,"template":"","format":"standard","meta":{"footnotes":""},"categories":[28],"tags":[],"class_list":["post-4757","post","type-post","status-publish","format-standard","hentry","category-historico"],"_links":{"self":[{"href":"https:\/\/pruebas.cursopracticoseo.com\/wordpress_o\/wp-json\/wp\/v2\/posts\/4757","targetHints":{"allow":["GET"]}}],"collection":[{"href":"https:\/\/pruebas.cursopracticoseo.com\/wordpress_o\/wp-json\/wp\/v2\/posts"}],"about":[{"href":"https:\/\/pruebas.cursopracticoseo.com\/wordpress_o\/wp-json\/wp\/v2\/types\/post"}],"author":[{"embeddable":true,"href":"https:\/\/pruebas.cursopracticoseo.com\/wordpress_o\/wp-json\/wp\/v2\/users\/1"}],"replies":[{"embeddable":true,"href":"https:\/\/pruebas.cursopracticoseo.com\/wordpress_o\/wp-json\/wp\/v2\/comments?post=4757"}],"version-history":[{"count":0,"href":"https:\/\/pruebas.cursopracticoseo.com\/wordpress_o\/wp-json\/wp\/v2\/posts\/4757\/revisions"}],"wp:attachment":[{"href":"https:\/\/pruebas.cursopracticoseo.com\/wordpress_o\/wp-json\/wp\/v2\/media?parent=4757"}],"wp:term":[{"taxonomy":"category","embeddable":true,"href":"https:\/\/pruebas.cursopracticoseo.com\/wordpress_o\/wp-json\/wp\/v2\/categories?post=4757"},{"taxonomy":"post_tag","embeddable":true,"href":"https:\/\/pruebas.cursopracticoseo.com\/wordpress_o\/wp-json\/wp\/v2\/tags?post=4757"}],"curies":[{"name":"wp","href":"https:\/\/api.w.org\/{rel}","templated":true}]}}