{"id":4751,"date":"2019-03-30T00:00:00","date_gmt":"2019-03-30T00:00:00","guid":{"rendered":"https:\/\/pruebas.cursopracticoseo.com\/wordpress_o\/la-semana-santa-de-leon-en-caceres\/"},"modified":"2019-03-30T00:00:00","modified_gmt":"2019-03-30T00:00:00","slug":"la-semana-santa-de-leon-en-caceres","status":"publish","type":"post","link":"https:\/\/pruebas.cursopracticoseo.com\/wordpress_o\/la-semana-santa-de-leon-en-caceres\/","title":{"rendered":"LA SEMANA SANTA DE LE\u00d3N EN C\u00c1CERES"},"content":{"rendered":"<p>El d\u00eda 30 de marzo ha tenido lugar la Presentaci\u00f3n de la Semana Santa de Le\u00f3n en C\u00e1ceres, a dicho evento han asistido, el Coordinador Municipal de la Semana Santa del Ayuntamiento de Le\u00f3n, Don Jos\u00e9 Antonio Gonz\u00e1lez P\u00e9rez, el Concejal Delegado de Cultura del Ayuntamiento de C\u00e1ceres D. Ra\u00fal Rodr\u00edguez Preciado, el Presidente de la Uni\u00f3n de Cofrad\u00edas de C\u00e1ceres D. Santos Ben\u00edtez Floriano, el Presidente de la Junta Mayor de Cofrad\u00edas y Hermandades de Le\u00f3n, D. Manuel \u00c1ngel Fern\u00e1ndez Diez, as\u00ed como un buen n\u00famero de representantes de las cofrad\u00edas leonesas.<\/p>\n<p>Durante la jornada matinal los asistentes tuvieron la oportunidad de conocer los lugares m\u00e1s simb\u00f3licos de la ciudad, visitar las diferentes sedes y conocer las cofrad\u00edas cacere\u00f1as, procediendo al intercambio de revistas y otro tipo de detalles promocionales.<\/p>\n<p>Posteriormente se celebr\u00f3 una comida de hermandad con las dos delegaciones cofrades.<\/p>\n<p>Durante su desarrollo se ha presentado el video promocional de la Semana Santa de Le\u00f3n 2019.<\/p>\n<p>A las 16:45 horas, a cargo de la Banda de Cornetas y Tambores de la Cofrad\u00eda del Dulce Nombre de Jes\u00fas Nazareno de Le\u00f3n, se pudo disfrutar de un pasacalles por la ciudad de C\u00e1ceres.<\/p>\n<p>A las 18:00 horas, tuvo lugar el Preg\u00f3n, a cargo del leones, D. Jorge Revenga S\u00e1nchez.<\/p>\n<p>La delegaci\u00f3n leonesa ha regresado a casa con un grato recuerdo por la c\u00e1lida acogida recibida por la comunidad cacere\u00f1a y la sensaci\u00f3n de que el esfuerzo realizado ha merecido la pena.<\/p>\n<p>Junta Mayor apuesta firmemente por la presencia de la Semana Santa de Le\u00f3n en cualquier evento con el fin de darla a conocer y mantenerla como uno de las efem\u00e9rides m\u00e1s significativos de nuestra ciudad.<\/p>\n","protected":false},"excerpt":{"rendered":"<p>El d\u00eda 30 de marzo ha tenido lugar la Presentaci\u00f3n de la Semana Santa de Le\u00f3n en C\u00e1ceres, a dicho evento han asistido, el Coordinador Municipal de la Semana Santa del Ayuntamiento de Le\u00f3n, Don Jos\u00e9 Antonio Gonz\u00e1lez P\u00e9rez, el Concejal Delegado de Cultura del Ayuntamiento de C\u00e1ceres D. Ra\u00fal Rodr\u00edguez Preciado, el Presidente de [&hellip;]<\/p>\n","protected":false},"author":1,"featured_media":0,"comment_status":"open","ping_status":"open","sticky":false,"template":"","format":"standard","meta":{"footnotes":""},"categories":[28],"tags":[],"class_list":["post-4751","post","type-post","status-publish","format-standard","hentry","category-historico"],"_links":{"self":[{"href":"https:\/\/pruebas.cursopracticoseo.com\/wordpress_o\/wp-json\/wp\/v2\/posts\/4751","targetHints":{"allow":["GET"]}}],"collection":[{"href":"https:\/\/pruebas.cursopracticoseo.com\/wordpress_o\/wp-json\/wp\/v2\/posts"}],"about":[{"href":"https:\/\/pruebas.cursopracticoseo.com\/wordpress_o\/wp-json\/wp\/v2\/types\/post"}],"author":[{"embeddable":true,"href":"https:\/\/pruebas.cursopracticoseo.com\/wordpress_o\/wp-json\/wp\/v2\/users\/1"}],"replies":[{"embeddable":true,"href":"https:\/\/pruebas.cursopracticoseo.com\/wordpress_o\/wp-json\/wp\/v2\/comments?post=4751"}],"version-history":[{"count":0,"href":"https:\/\/pruebas.cursopracticoseo.com\/wordpress_o\/wp-json\/wp\/v2\/posts\/4751\/revisions"}],"wp:attachment":[{"href":"https:\/\/pruebas.cursopracticoseo.com\/wordpress_o\/wp-json\/wp\/v2\/media?parent=4751"}],"wp:term":[{"taxonomy":"category","embeddable":true,"href":"https:\/\/pruebas.cursopracticoseo.com\/wordpress_o\/wp-json\/wp\/v2\/categories?post=4751"},{"taxonomy":"post_tag","embeddable":true,"href":"https:\/\/pruebas.cursopracticoseo.com\/wordpress_o\/wp-json\/wp\/v2\/tags?post=4751"}],"curies":[{"name":"wp","href":"https:\/\/api.w.org\/{rel}","templated":true}]}}