{"id":4747,"date":"2019-03-30T00:00:00","date_gmt":"2019-03-30T00:00:00","guid":{"rendered":"https:\/\/pruebas.cursopracticoseo.com\/wordpress_o\/vii-jornada-cofrade-maximo-gomez-barthe\/"},"modified":"2019-03-30T00:00:00","modified_gmt":"2019-03-30T00:00:00","slug":"vii-jornada-cofrade-maximo-gomez-barthe","status":"publish","type":"post","link":"https:\/\/pruebas.cursopracticoseo.com\/wordpress_o\/vii-jornada-cofrade-maximo-gomez-barthe\/","title":{"rendered":"VII Jornada Cofrade \u00abM\u00e1ximo G\u00f3mez Barthe\u00bb"},"content":{"rendered":"<p>La Hermandad de Santa Marta y de la Sagrada Cena ha organizado la s\u00e9ptima Jornada Cofrade que recibe el nombre de su hermano fundador y primer presidente, D. M\u00e1ximo G\u00f3mez Barthe. En esta edici\u00f3n el abogado y pap\u00f3n Fernando L\u00f3pez Villa abord\u00f3 los 50 a\u00f1os del paso de la Casa de Betania, que procesion\u00f3 por primera vez el Jueves Santo de 1969. Durante el acto la Agrupaci\u00f3n Musical de Santa Marta y Sagrada Cena interpret\u00f3 magistralmente varias marchas procesionales y estren\u00f3 la marcha \u00abBet&#8217;-ani\u00bb con motivo del 50 Aniversario del paso.<\/p>\n","protected":false},"excerpt":{"rendered":"<p>La Hermandad de Santa Marta y de la Sagrada Cena ha organizado la s\u00e9ptima Jornada Cofrade que recibe el nombre de su hermano fundador y primer presidente, D. M\u00e1ximo G\u00f3mez Barthe. En esta edici\u00f3n el abogado y pap\u00f3n Fernando L\u00f3pez Villa abord\u00f3 los 50 a\u00f1os del paso de la Casa de Betania, que procesion\u00f3 por [&hellip;]<\/p>\n","protected":false},"author":1,"featured_media":0,"comment_status":"open","ping_status":"open","sticky":false,"template":"","format":"standard","meta":{"footnotes":""},"categories":[28],"tags":[],"class_list":["post-4747","post","type-post","status-publish","format-standard","hentry","category-historico"],"_links":{"self":[{"href":"https:\/\/pruebas.cursopracticoseo.com\/wordpress_o\/wp-json\/wp\/v2\/posts\/4747","targetHints":{"allow":["GET"]}}],"collection":[{"href":"https:\/\/pruebas.cursopracticoseo.com\/wordpress_o\/wp-json\/wp\/v2\/posts"}],"about":[{"href":"https:\/\/pruebas.cursopracticoseo.com\/wordpress_o\/wp-json\/wp\/v2\/types\/post"}],"author":[{"embeddable":true,"href":"https:\/\/pruebas.cursopracticoseo.com\/wordpress_o\/wp-json\/wp\/v2\/users\/1"}],"replies":[{"embeddable":true,"href":"https:\/\/pruebas.cursopracticoseo.com\/wordpress_o\/wp-json\/wp\/v2\/comments?post=4747"}],"version-history":[{"count":0,"href":"https:\/\/pruebas.cursopracticoseo.com\/wordpress_o\/wp-json\/wp\/v2\/posts\/4747\/revisions"}],"wp:attachment":[{"href":"https:\/\/pruebas.cursopracticoseo.com\/wordpress_o\/wp-json\/wp\/v2\/media?parent=4747"}],"wp:term":[{"taxonomy":"category","embeddable":true,"href":"https:\/\/pruebas.cursopracticoseo.com\/wordpress_o\/wp-json\/wp\/v2\/categories?post=4747"},{"taxonomy":"post_tag","embeddable":true,"href":"https:\/\/pruebas.cursopracticoseo.com\/wordpress_o\/wp-json\/wp\/v2\/tags?post=4747"}],"curies":[{"name":"wp","href":"https:\/\/api.w.org\/{rel}","templated":true}]}}