{"id":4746,"date":"2019-04-06T00:00:00","date_gmt":"2019-04-06T00:00:00","guid":{"rendered":"https:\/\/pruebas.cursopracticoseo.com\/wordpress_o\/pregon-oficial-de-la-semana-santa-2019\/"},"modified":"2019-04-06T00:00:00","modified_gmt":"2019-04-06T00:00:00","slug":"pregon-oficial-de-la-semana-santa-2019","status":"publish","type":"post","link":"https:\/\/pruebas.cursopracticoseo.com\/wordpress_o\/pregon-oficial-de-la-semana-santa-2019\/","title":{"rendered":"PREG\u00d3N OFICIAL DE LA SEMANA SANTA 2019"},"content":{"rendered":"<p>El s\u00e1bado d\u00eda 6 de abril a las 20:00 horas en el Auditorio Ciudad de Le\u00f3n pronunciar\u00e1 el Preg\u00f3n Oficial de la Semana Santa Leonesa 2019, D. H\u00e9ctor Luis Su\u00e1rez P\u00e9rez. El pregonero es un pap\u00f3n leon\u00e9s, pap\u00f3n de seis cofrad\u00edas de Semana Santa y de la de \u00c1nimas del Malvar. Es uno de los fundadores de la Cofrad\u00eda del Sant\u00edsimo Cristo de la Expiraci\u00f3n y del Silencio. Secretario del Comit\u00e9 Nacional Intercongresos de Cofrad\u00edas de Jes\u00fas Cautivo, Recatado y de Medinaceli. Responsable de la recuperaci\u00f3n y puesta en valor de instrumentos, melod\u00edas, protocolos utilizados anta\u00f1o por las cofrad\u00edas y olvidados en el transcurrir del tiempo. Comisario de exposiciones y eventos de diferente \u00edndole relacionados con la etnomusicolog\u00eda, la piedad popular y el mundo cofrade, as\u00ed como del VII Congreso de Cofrad\u00edas y Hermandades de Jes\u00fas Cautivo, Rescatado y de Medinaceli celebrado en Le\u00f3n en el a\u00f1o 2007. Autor de numerosos art\u00edculos tanto acad\u00e9micos como divulgativos sobre la Semana Santa, igualmente del imprescindible y enciclop\u00e9dico volumen \u201cLa desconocida Semana Santa de la provincia de Le\u00f3n\u201d, en su d\u00eda premiado como mejor publicaci\u00f3n del a\u00f1o por el Instituto Leon\u00e9s de Cultura.<\/p>\n<p>Ante estos antecedentes, viviremos un preg\u00f3n lleno de sentimientos y emociones.<\/p>\n<p>En el acto intervendr\u00e1n D, Manuel \u00c1ngel Fern\u00e1ndez D\u00edez, Presidente de la Junta Mayor de la Semana Santa de Le\u00f3n, D. Antonio Silv\u00e1n Rodr\u00edguez, Alcalde de la Ciudad y D. Juli\u00e1n L\u00f3pez Mart\u00edn, Obispo de la Di\u00f3cesis de Le\u00f3n.<\/p>\n<p>Se contara con la aportaci\u00f3n musical del Coro de Ni\u00f1os \u201cCiudad de Le\u00f3n\u201d, de la Camerata Cl\u00e1sica de Ponferrada y del bajo solista Ismael Arroniz.<\/p>\n<p>Al acto han confirmado su asistencia autoridades civiles, militares y eclesi\u00e1sticas, representantes de todas las Cofrad\u00edas y Hermandades de la ciudad y papones de t\u00fanica o acera.<\/p>\n<p>El acceso al Preg\u00f3n es con invitaci\u00f3n gratuita hasta completar aforo, obteni\u00e9ndose en la taquilla del Auditorio.<\/p>\n","protected":false},"excerpt":{"rendered":"<p>El s\u00e1bado d\u00eda 6 de abril a las 20:00 horas en el Auditorio Ciudad de Le\u00f3n pronunciar\u00e1 el Preg\u00f3n Oficial de la Semana Santa Leonesa 2019, D. H\u00e9ctor Luis Su\u00e1rez P\u00e9rez. El pregonero es un pap\u00f3n leon\u00e9s, pap\u00f3n de seis cofrad\u00edas de Semana Santa y de la de \u00c1nimas del Malvar. Es uno de los [&hellip;]<\/p>\n","protected":false},"author":1,"featured_media":0,"comment_status":"open","ping_status":"open","sticky":false,"template":"","format":"standard","meta":{"footnotes":""},"categories":[28],"tags":[],"class_list":["post-4746","post","type-post","status-publish","format-standard","hentry","category-historico"],"_links":{"self":[{"href":"https:\/\/pruebas.cursopracticoseo.com\/wordpress_o\/wp-json\/wp\/v2\/posts\/4746","targetHints":{"allow":["GET"]}}],"collection":[{"href":"https:\/\/pruebas.cursopracticoseo.com\/wordpress_o\/wp-json\/wp\/v2\/posts"}],"about":[{"href":"https:\/\/pruebas.cursopracticoseo.com\/wordpress_o\/wp-json\/wp\/v2\/types\/post"}],"author":[{"embeddable":true,"href":"https:\/\/pruebas.cursopracticoseo.com\/wordpress_o\/wp-json\/wp\/v2\/users\/1"}],"replies":[{"embeddable":true,"href":"https:\/\/pruebas.cursopracticoseo.com\/wordpress_o\/wp-json\/wp\/v2\/comments?post=4746"}],"version-history":[{"count":0,"href":"https:\/\/pruebas.cursopracticoseo.com\/wordpress_o\/wp-json\/wp\/v2\/posts\/4746\/revisions"}],"wp:attachment":[{"href":"https:\/\/pruebas.cursopracticoseo.com\/wordpress_o\/wp-json\/wp\/v2\/media?parent=4746"}],"wp:term":[{"taxonomy":"category","embeddable":true,"href":"https:\/\/pruebas.cursopracticoseo.com\/wordpress_o\/wp-json\/wp\/v2\/categories?post=4746"},{"taxonomy":"post_tag","embeddable":true,"href":"https:\/\/pruebas.cursopracticoseo.com\/wordpress_o\/wp-json\/wp\/v2\/tags?post=4746"}],"curies":[{"name":"wp","href":"https:\/\/api.w.org\/{rel}","templated":true}]}}