{"id":4732,"date":"2020-02-12T00:00:00","date_gmt":"2020-02-12T00:00:00","guid":{"rendered":"https:\/\/pruebas.cursopracticoseo.com\/wordpress_o\/comienzan-las-ix-jornadas-de-la-biblioteca-cofrade-de-la-bienaventuranza\/"},"modified":"2020-02-12T00:00:00","modified_gmt":"2020-02-12T00:00:00","slug":"comienzan-las-ix-jornadas-de-la-biblioteca-cofrade-de-la-bienaventuranza","status":"publish","type":"post","link":"https:\/\/pruebas.cursopracticoseo.com\/wordpress_o\/comienzan-las-ix-jornadas-de-la-biblioteca-cofrade-de-la-bienaventuranza\/","title":{"rendered":"COMIENZAN LAS IX JORNADAS DE LA BIBLIOTECA COFRADE DE LA BIENAVENTURANZA"},"content":{"rendered":"<p>Un a\u00f1o m\u00e1s, la Cofrad\u00eda del Santo Cristo de la Bienaventuranza de Le\u00f3n organiza sus Jornadas de la Biblioteca Cofrade que, en este 2019, alcanzan ya la novena edici\u00f3n y que, moderadas por Jos\u00e9 Antonio Fern\u00e1ndez Ramos, se desarrollar\u00e1n los pr\u00f3ximos 14, 21 y 28 de febrero, a partir de las 20:30 h. en la sede de la cofrad\u00eda (C\/ Cipriano de la Huerga, 10). La entrada es libre hasta completar el aforo.<br \/>\nLas jornadas dar\u00e1n comienzo el pr\u00f3ximo viernes, 14 de febrero, con la mesa redonda \u00abNuestros pregoneros\u00bb, que contar\u00e1n con la presencia de Mario D\u00edez Ord\u00e1s, Eduardo \u00c1lvarez Aller, Manuel J\u00e1\u00f1ez y Xuas\u00fas Gonz\u00e1lez, pregoneros de la Semana Santa de Le\u00f3n, respectivamente, en 2012, 2014 y 2016 y, D.m., 2020.<\/p>\n<p>El viernes siguiente, 21 de febrero, tendr\u00e1 lugar la tertulia cofrade \u00abRevistas de cofrad\u00edas\u00bb, en la que participar\u00e1n Javier Cuadrado, con amplia experiencia coordinando la revista Siete de las Siete Palabras; Jos\u00e9 M. Urdiales, en representaci\u00f3n de El Farol que edita el Perd\u00f3n; Jos\u00e9 A. Diez, en relaci\u00f3n con la publicaci\u00f3n del Sepulcro y Luis Reyero, que se encarga de la de la Bienaventuranza.<\/p>\n<p>Las jornadas se clausurar\u00e1n el viernes, 28 de febrero, con la revista Preg\u00f3n \u2013que edita la Junta Mayor\u2013 como protagonista, con la intervenci\u00f3n del director de la publicaci\u00f3n, Carlos Garc\u00eda Rioja, y del presidente de la Junta Mayor, Manuel \u00c1ngel Fern\u00e1ndez.<\/p>\n<p>Durante el transcurso de esta \u00faltima jornada, se presentar\u00e1 tambi\u00e9n el cartel de la cofrad\u00eda para esta Semana Santa, que es el ganador del concurso convocado por la cofrad\u00eda al efecto, y cuyo fallo que se dar\u00e1 a conocer en ese momento.<\/p>\n","protected":false},"excerpt":{"rendered":"<p>Un a\u00f1o m\u00e1s, la Cofrad\u00eda del Santo Cristo de la Bienaventuranza de Le\u00f3n organiza sus Jornadas de la Biblioteca Cofrade que, en este 2019, alcanzan ya la novena edici\u00f3n y que, moderadas por Jos\u00e9 Antonio Fern\u00e1ndez Ramos, se desarrollar\u00e1n los pr\u00f3ximos 14, 21 y 28 de febrero, a partir de las 20:30 h. en la [&hellip;]<\/p>\n","protected":false},"author":1,"featured_media":0,"comment_status":"open","ping_status":"open","sticky":false,"template":"","format":"standard","meta":{"footnotes":""},"categories":[28],"tags":[],"class_list":["post-4732","post","type-post","status-publish","format-standard","hentry","category-historico"],"_links":{"self":[{"href":"https:\/\/pruebas.cursopracticoseo.com\/wordpress_o\/wp-json\/wp\/v2\/posts\/4732","targetHints":{"allow":["GET"]}}],"collection":[{"href":"https:\/\/pruebas.cursopracticoseo.com\/wordpress_o\/wp-json\/wp\/v2\/posts"}],"about":[{"href":"https:\/\/pruebas.cursopracticoseo.com\/wordpress_o\/wp-json\/wp\/v2\/types\/post"}],"author":[{"embeddable":true,"href":"https:\/\/pruebas.cursopracticoseo.com\/wordpress_o\/wp-json\/wp\/v2\/users\/1"}],"replies":[{"embeddable":true,"href":"https:\/\/pruebas.cursopracticoseo.com\/wordpress_o\/wp-json\/wp\/v2\/comments?post=4732"}],"version-history":[{"count":0,"href":"https:\/\/pruebas.cursopracticoseo.com\/wordpress_o\/wp-json\/wp\/v2\/posts\/4732\/revisions"}],"wp:attachment":[{"href":"https:\/\/pruebas.cursopracticoseo.com\/wordpress_o\/wp-json\/wp\/v2\/media?parent=4732"}],"wp:term":[{"taxonomy":"category","embeddable":true,"href":"https:\/\/pruebas.cursopracticoseo.com\/wordpress_o\/wp-json\/wp\/v2\/categories?post=4732"},{"taxonomy":"post_tag","embeddable":true,"href":"https:\/\/pruebas.cursopracticoseo.com\/wordpress_o\/wp-json\/wp\/v2\/tags?post=4732"}],"curies":[{"name":"wp","href":"https:\/\/api.w.org\/{rel}","templated":true}]}}