{"id":4731,"date":"2020-02-13T00:00:00","date_gmt":"2020-02-13T00:00:00","guid":{"rendered":"https:\/\/pruebas.cursopracticoseo.com\/wordpress_o\/la-bienaventuranza-presento-el-proyecto-de-nuevo-trono-para-su-paso-titular\/"},"modified":"2020-02-13T00:00:00","modified_gmt":"2020-02-13T00:00:00","slug":"la-bienaventuranza-presento-el-proyecto-de-nuevo-trono-para-su-paso-titular","status":"publish","type":"post","link":"https:\/\/pruebas.cursopracticoseo.com\/wordpress_o\/la-bienaventuranza-presento-el-proyecto-de-nuevo-trono-para-su-paso-titular\/","title":{"rendered":"LA BIENAVENTURANZA PRESENT\u00d3 EL PROYECTO DE NUEVO TRONO PARA SU PASO TITULAR"},"content":{"rendered":"<p>La Cofrad\u00eda del Santo Cristo de la Bienaventuranza de Le\u00f3n present\u00f3 el pasado lunes, 10 de febrero, el proyecto de nuevo trono para su paso Titular que, D. m., estrenar\u00e1 en la Semana Santa de 2021, y en el que ya est\u00e1n trabajando en el taller de Hijos de Esteban Jim\u00e9nez de Baza (Granada).<\/p>\n<p>Entre las diferentes actuaciones previstas para contribuir a la financiaci\u00f3n del trono se encuentra el concierto \u00abVIII aniversario\u00bb de la agrupaci\u00f3n musical de la cofrad\u00eda, que tendr\u00e1 lugar en la capilla del Colegio Marista San Jos\u00e9 (\u00c1lvaro L\u00f3pez N\u00fa\u00f1ez, 12) este s\u00e1bado, 15 de febrero, a las 20:00 h., y que, adem\u00e1s, contar\u00e1 con la participaci\u00f3n de la Banda de Cornetas y Tambores Nuestra Se\u00f1ora de la Soledad de la capital leonesa. La recaudaci\u00f3n obtenida \u2013las entradas tienen un precio de tres euros\u2013 se destinar\u00e1 a la financiaci\u00f3n del nuevo trono del paso Titular de la cofrad\u00eda de San Claudio.<\/p>\n","protected":false},"excerpt":{"rendered":"<p>La Cofrad\u00eda del Santo Cristo de la Bienaventuranza de Le\u00f3n present\u00f3 el pasado lunes, 10 de febrero, el proyecto de nuevo trono para su paso Titular que, D. m., estrenar\u00e1 en la Semana Santa de 2021, y en el que ya est\u00e1n trabajando en el taller de Hijos de Esteban Jim\u00e9nez de Baza (Granada). Entre [&hellip;]<\/p>\n","protected":false},"author":1,"featured_media":0,"comment_status":"open","ping_status":"open","sticky":false,"template":"","format":"standard","meta":{"footnotes":""},"categories":[28],"tags":[],"class_list":["post-4731","post","type-post","status-publish","format-standard","hentry","category-historico"],"_links":{"self":[{"href":"https:\/\/pruebas.cursopracticoseo.com\/wordpress_o\/wp-json\/wp\/v2\/posts\/4731","targetHints":{"allow":["GET"]}}],"collection":[{"href":"https:\/\/pruebas.cursopracticoseo.com\/wordpress_o\/wp-json\/wp\/v2\/posts"}],"about":[{"href":"https:\/\/pruebas.cursopracticoseo.com\/wordpress_o\/wp-json\/wp\/v2\/types\/post"}],"author":[{"embeddable":true,"href":"https:\/\/pruebas.cursopracticoseo.com\/wordpress_o\/wp-json\/wp\/v2\/users\/1"}],"replies":[{"embeddable":true,"href":"https:\/\/pruebas.cursopracticoseo.com\/wordpress_o\/wp-json\/wp\/v2\/comments?post=4731"}],"version-history":[{"count":0,"href":"https:\/\/pruebas.cursopracticoseo.com\/wordpress_o\/wp-json\/wp\/v2\/posts\/4731\/revisions"}],"wp:attachment":[{"href":"https:\/\/pruebas.cursopracticoseo.com\/wordpress_o\/wp-json\/wp\/v2\/media?parent=4731"}],"wp:term":[{"taxonomy":"category","embeddable":true,"href":"https:\/\/pruebas.cursopracticoseo.com\/wordpress_o\/wp-json\/wp\/v2\/categories?post=4731"},{"taxonomy":"post_tag","embeddable":true,"href":"https:\/\/pruebas.cursopracticoseo.com\/wordpress_o\/wp-json\/wp\/v2\/tags?post=4731"}],"curies":[{"name":"wp","href":"https:\/\/api.w.org\/{rel}","templated":true}]}}