{"id":4729,"date":"2020-02-20T00:00:00","date_gmt":"2020-02-20T00:00:00","guid":{"rendered":"https:\/\/pruebas.cursopracticoseo.com\/wordpress_o\/revistas-de-cofradias-segunda-sesion-de-las-jornadas-de-la-biblioteca-cofrade-de-la-bienaventuranza\/"},"modified":"2020-02-20T00:00:00","modified_gmt":"2020-02-20T00:00:00","slug":"revistas-de-cofradias-segunda-sesion-de-las-jornadas-de-la-biblioteca-cofrade-de-la-bienaventuranza","status":"publish","type":"post","link":"https:\/\/pruebas.cursopracticoseo.com\/wordpress_o\/revistas-de-cofradias-segunda-sesion-de-las-jornadas-de-la-biblioteca-cofrade-de-la-bienaventuranza\/","title":{"rendered":"\u00abREVISTAS DE COFRAD\u00cdAS\u00bb, SEGUNDA SESI\u00d3N DE LAS JORNADAS DE LA BIBLIOTECA COFRADE DE LA BIENAVENTURANZA"},"content":{"rendered":"<p>El pasado 14 de febrero comenzaban las IX Jornadas de la Biblioteca Cofrade que organiza la Cofrad\u00eda del Santo Cristo de la Bienaventuranza de Le\u00f3n, con la mesa redonda \u00abNuestros pregoneros\u00bb, que cont\u00f3 con la partici\u00f3n de Mario D\u00edez Ord\u00e1s, Eduardo \u00c1lvarez Aller, Manuel J\u00e1\u00f1ez y Xuas\u00fas Gonz\u00e1lez, pregoneros de la Semana Santa de Le\u00f3n, respectivamente, en 2012, 2014 y 2016 y, D.m., 2020.<\/p>\n<p>Y prosiguen su curso con la segunda de las sesiones programadas que, en esta ocasi\u00f3n, ser\u00e1 una tertulia cofrade acerca de las \u00abRevistas de cofrad\u00edas\u00bb. Moderada por Jos\u00e9 Antonio Fern\u00e1ndez Ramos, contar\u00e1 con la participaci\u00f3n de Javier Cuadrado, con amplia experiencia coordinando la revista Siete de las Siete Palabras; Jos\u00e9 M. Urdiales, en representaci\u00f3n de El Farol que edita el Perd\u00f3n; Jos\u00e9 A. Diez, en relaci\u00f3n con la publicaci\u00f3n del Sepulcro y Luis Reyero, que se encarga de la de la Bienaventuranza. Ser\u00e1 el viernes, 21 de febrero, a partir de las 20:30 h. en la sede de la cofrad\u00eda (C\/ Cipriano de la Huerga, 10). La entrada es libre hasta completar el aforo.<\/p>\n","protected":false},"excerpt":{"rendered":"<p>El pasado 14 de febrero comenzaban las IX Jornadas de la Biblioteca Cofrade que organiza la Cofrad\u00eda del Santo Cristo de la Bienaventuranza de Le\u00f3n, con la mesa redonda \u00abNuestros pregoneros\u00bb, que cont\u00f3 con la partici\u00f3n de Mario D\u00edez Ord\u00e1s, Eduardo \u00c1lvarez Aller, Manuel J\u00e1\u00f1ez y Xuas\u00fas Gonz\u00e1lez, pregoneros de la Semana Santa de Le\u00f3n, [&hellip;]<\/p>\n","protected":false},"author":1,"featured_media":0,"comment_status":"open","ping_status":"open","sticky":false,"template":"","format":"standard","meta":{"footnotes":""},"categories":[28],"tags":[],"class_list":["post-4729","post","type-post","status-publish","format-standard","hentry","category-historico"],"_links":{"self":[{"href":"https:\/\/pruebas.cursopracticoseo.com\/wordpress_o\/wp-json\/wp\/v2\/posts\/4729","targetHints":{"allow":["GET"]}}],"collection":[{"href":"https:\/\/pruebas.cursopracticoseo.com\/wordpress_o\/wp-json\/wp\/v2\/posts"}],"about":[{"href":"https:\/\/pruebas.cursopracticoseo.com\/wordpress_o\/wp-json\/wp\/v2\/types\/post"}],"author":[{"embeddable":true,"href":"https:\/\/pruebas.cursopracticoseo.com\/wordpress_o\/wp-json\/wp\/v2\/users\/1"}],"replies":[{"embeddable":true,"href":"https:\/\/pruebas.cursopracticoseo.com\/wordpress_o\/wp-json\/wp\/v2\/comments?post=4729"}],"version-history":[{"count":0,"href":"https:\/\/pruebas.cursopracticoseo.com\/wordpress_o\/wp-json\/wp\/v2\/posts\/4729\/revisions"}],"wp:attachment":[{"href":"https:\/\/pruebas.cursopracticoseo.com\/wordpress_o\/wp-json\/wp\/v2\/media?parent=4729"}],"wp:term":[{"taxonomy":"category","embeddable":true,"href":"https:\/\/pruebas.cursopracticoseo.com\/wordpress_o\/wp-json\/wp\/v2\/categories?post=4729"},{"taxonomy":"post_tag","embeddable":true,"href":"https:\/\/pruebas.cursopracticoseo.com\/wordpress_o\/wp-json\/wp\/v2\/tags?post=4729"}],"curies":[{"name":"wp","href":"https:\/\/api.w.org\/{rel}","templated":true}]}}