{"id":4716,"date":"2020-03-10T00:00:00","date_gmt":"2020-03-10T00:00:00","guid":{"rendered":"https:\/\/pruebas.cursopracticoseo.com\/wordpress_o\/cofradia-santo-cristo-del-perdon-ix-semana-cultural\/"},"modified":"2020-03-10T00:00:00","modified_gmt":"2020-03-10T00:00:00","slug":"cofradia-santo-cristo-del-perdon-ix-semana-cultural","status":"publish","type":"post","link":"https:\/\/pruebas.cursopracticoseo.com\/wordpress_o\/cofradia-santo-cristo-del-perdon-ix-semana-cultural\/","title":{"rendered":"COFRAD\u00cdA SANTO CRISTO DEL PERD\u00d3N \u2013 IX SEMANA CULTURAL"},"content":{"rendered":"<p>La Cofrad\u00eda Santo Cristo del Perd\u00f3n ha presentado el cartel de la IX Semana Cultural que desarrollar\u00e1 en la Cuaresma de 2020. Se ha escogido una fotograf\u00eda de Mois\u00e9s Garc\u00eda Mart\u00ednez, donde se ilustra el tema dedicado a los \u201cSonidos\u201d de los actos penitenciales que la Cofrad\u00eda organiza durante la Semana Santa; como en otras muchas ocasiones, se contar\u00e1 con la colaboraci\u00f3n de Juan Bautista D\u00edez y el Ayuntamiento de Le\u00f3n.<\/p>\n<p>Esta Semana Cultural se desarrollar\u00e1 en el Centro C\u00edvico del Crucero. Los d\u00edas 17 y 31 de marzo estar\u00e1n dedicados a la \u201cm\u00fasica de procesi\u00f3n\u201d con los conciertos de la Agrupaci\u00f3n Musical del Gran Poder y la Banda de la Escuela de M\u00fasica del Perd\u00f3n. La jornada del d\u00eda 18 de marzo, est\u00e1 dedicada a los \u201csones tradicionales\u201d contando con la participaci\u00f3n del Grupo Andadura y Pilar Navarro. El d\u00eda 19 de marzo el Orfe\u00f3n Leon\u00e9s ofrecer\u00e1 un concierto de \u201cm\u00fasica coral\u201d.<\/p>\n<p>En los pr\u00f3ximos d\u00edas se ir\u00e1n publicando noticias relacionadas en las distintas cuentas oficiales de la Cofrad\u00eda Ferroviaria.<\/p>\n","protected":false},"excerpt":{"rendered":"<p>La Cofrad\u00eda Santo Cristo del Perd\u00f3n ha presentado el cartel de la IX Semana Cultural que desarrollar\u00e1 en la Cuaresma de 2020. Se ha escogido una fotograf\u00eda de Mois\u00e9s Garc\u00eda Mart\u00ednez, donde se ilustra el tema dedicado a los \u201cSonidos\u201d de los actos penitenciales que la Cofrad\u00eda organiza durante la Semana Santa; como en otras [&hellip;]<\/p>\n","protected":false},"author":1,"featured_media":0,"comment_status":"open","ping_status":"open","sticky":false,"template":"","format":"standard","meta":{"footnotes":""},"categories":[28],"tags":[],"class_list":["post-4716","post","type-post","status-publish","format-standard","hentry","category-historico"],"_links":{"self":[{"href":"https:\/\/pruebas.cursopracticoseo.com\/wordpress_o\/wp-json\/wp\/v2\/posts\/4716","targetHints":{"allow":["GET"]}}],"collection":[{"href":"https:\/\/pruebas.cursopracticoseo.com\/wordpress_o\/wp-json\/wp\/v2\/posts"}],"about":[{"href":"https:\/\/pruebas.cursopracticoseo.com\/wordpress_o\/wp-json\/wp\/v2\/types\/post"}],"author":[{"embeddable":true,"href":"https:\/\/pruebas.cursopracticoseo.com\/wordpress_o\/wp-json\/wp\/v2\/users\/1"}],"replies":[{"embeddable":true,"href":"https:\/\/pruebas.cursopracticoseo.com\/wordpress_o\/wp-json\/wp\/v2\/comments?post=4716"}],"version-history":[{"count":0,"href":"https:\/\/pruebas.cursopracticoseo.com\/wordpress_o\/wp-json\/wp\/v2\/posts\/4716\/revisions"}],"wp:attachment":[{"href":"https:\/\/pruebas.cursopracticoseo.com\/wordpress_o\/wp-json\/wp\/v2\/media?parent=4716"}],"wp:term":[{"taxonomy":"category","embeddable":true,"href":"https:\/\/pruebas.cursopracticoseo.com\/wordpress_o\/wp-json\/wp\/v2\/categories?post=4716"},{"taxonomy":"post_tag","embeddable":true,"href":"https:\/\/pruebas.cursopracticoseo.com\/wordpress_o\/wp-json\/wp\/v2\/tags?post=4716"}],"curies":[{"name":"wp","href":"https:\/\/api.w.org\/{rel}","templated":true}]}}