{"id":4700,"date":"2020-06-23T00:00:00","date_gmt":"2020-06-23T00:00:00","guid":{"rendered":"https:\/\/pruebas.cursopracticoseo.com\/wordpress_o\/la-real-hermandad-de-jesus-divino-obrero-colabora-con-caritas-parroquial-y-con-su-parroquia\/"},"modified":"2020-06-23T00:00:00","modified_gmt":"2020-06-23T00:00:00","slug":"la-real-hermandad-de-jesus-divino-obrero-colabora-con-caritas-parroquial-y-con-su-parroquia","status":"publish","type":"post","link":"https:\/\/pruebas.cursopracticoseo.com\/wordpress_o\/la-real-hermandad-de-jesus-divino-obrero-colabora-con-caritas-parroquial-y-con-su-parroquia\/","title":{"rendered":"LA REAL HERMANDAD DE JES\u00daS DIVINO OBRERO COLABORA CON CARITAS PARROQUIAL Y CON SU PARROQUIA"},"content":{"rendered":"<p>La Real Hermandad de Jes\u00fas Divino Obrero ha decidido colaborar, como no podr\u00eda ser de otra manera, con una aportaci\u00f3n econ\u00f3mica a la entidad de Caritas Parroquial de Jes\u00fas Divino Obrero y a su propia parroquia con el objetivo de paliar, dentro de sus posibilidades, las consecuencias del Covid-19.<\/p>\n<p>Una aportaci\u00f3n de 1.500\u20ac proveniente de las arcas de la hermandad y de las donaciones de diferentes hermanos en la \u201cSaca\u201d a la Virgen de La Soledad.<\/p>\n<p>Aunque desde la penitencial de blanco y morado se\u00f1alan que este peque\u00f1o gesto es solamente el inicio de una serie de iniciativas y eventos cuyo objetivo ser\u00e1 ayudar a las personas que m\u00e1s lo necesiten.<\/p>\n<p>Y es que la Junta Directiva de la Hermandad trabaja de manera telem\u00e1tica desde hace meses para el desarrollo de todos esos proyectos que permitir\u00e1n una colaboraci\u00f3n mucho m\u00e1s estrecha de lo habitual con la gente que m\u00e1s lo necesita.<\/p>\n","protected":false},"excerpt":{"rendered":"<p>La Real Hermandad de Jes\u00fas Divino Obrero ha decidido colaborar, como no podr\u00eda ser de otra manera, con una aportaci\u00f3n econ\u00f3mica a la entidad de Caritas Parroquial de Jes\u00fas Divino Obrero y a su propia parroquia con el objetivo de paliar, dentro de sus posibilidades, las consecuencias del Covid-19. Una aportaci\u00f3n de 1.500\u20ac proveniente de [&hellip;]<\/p>\n","protected":false},"author":1,"featured_media":0,"comment_status":"open","ping_status":"open","sticky":false,"template":"","format":"standard","meta":{"footnotes":""},"categories":[28],"tags":[],"class_list":["post-4700","post","type-post","status-publish","format-standard","hentry","category-historico"],"_links":{"self":[{"href":"https:\/\/pruebas.cursopracticoseo.com\/wordpress_o\/wp-json\/wp\/v2\/posts\/4700","targetHints":{"allow":["GET"]}}],"collection":[{"href":"https:\/\/pruebas.cursopracticoseo.com\/wordpress_o\/wp-json\/wp\/v2\/posts"}],"about":[{"href":"https:\/\/pruebas.cursopracticoseo.com\/wordpress_o\/wp-json\/wp\/v2\/types\/post"}],"author":[{"embeddable":true,"href":"https:\/\/pruebas.cursopracticoseo.com\/wordpress_o\/wp-json\/wp\/v2\/users\/1"}],"replies":[{"embeddable":true,"href":"https:\/\/pruebas.cursopracticoseo.com\/wordpress_o\/wp-json\/wp\/v2\/comments?post=4700"}],"version-history":[{"count":0,"href":"https:\/\/pruebas.cursopracticoseo.com\/wordpress_o\/wp-json\/wp\/v2\/posts\/4700\/revisions"}],"wp:attachment":[{"href":"https:\/\/pruebas.cursopracticoseo.com\/wordpress_o\/wp-json\/wp\/v2\/media?parent=4700"}],"wp:term":[{"taxonomy":"category","embeddable":true,"href":"https:\/\/pruebas.cursopracticoseo.com\/wordpress_o\/wp-json\/wp\/v2\/categories?post=4700"},{"taxonomy":"post_tag","embeddable":true,"href":"https:\/\/pruebas.cursopracticoseo.com\/wordpress_o\/wp-json\/wp\/v2\/tags?post=4700"}],"curies":[{"name":"wp","href":"https:\/\/api.w.org\/{rel}","templated":true}]}}