{"id":4697,"date":"2020-09-10T00:00:00","date_gmt":"2020-09-10T00:00:00","guid":{"rendered":"https:\/\/pruebas.cursopracticoseo.com\/wordpress_o\/conmemoracion-de-la-exaltacion-de-la-santa-cruz\/"},"modified":"2020-09-10T00:00:00","modified_gmt":"2020-09-10T00:00:00","slug":"conmemoracion-de-la-exaltacion-de-la-santa-cruz","status":"publish","type":"post","link":"https:\/\/pruebas.cursopracticoseo.com\/wordpress_o\/conmemoracion-de-la-exaltacion-de-la-santa-cruz\/","title":{"rendered":"CONMEMORACI\u00d3N DE LA EXALTACI\u00d3N DE LA SANTA CRUZ"},"content":{"rendered":"<p>La situaci\u00f3n sanitaria contin\u00faa siendo preocupante, por lo que la conmemoraci\u00f3n de la Exaltaci\u00f3n de la Santa Cruz que celebra la Real Cofrad\u00eda Minerva y Vera Cruz, este a\u00f1o ser\u00e1 limitada, aunque no por ello menos intensa. En esta ocasi\u00f3n no se har\u00e1 el traslado del Lignum Crucis desde el Monasterio de las Carbajalas hasta San Mart\u00edn, el domingo anterior a la Cruz, ni habr\u00e1 la tradicional procesi\u00f3n en la tarde del d\u00eda de la Exaltaci\u00f3n de la Santa Cruz.<\/p>\n<p>La Real Cofrad\u00eda Minerva y Vera Cruz este a\u00f1o celebrar\u00e1 los siguientes actos conmemorativos:<\/p>\n<p>S\u00e1bado, d\u00eda 12.- Celebraci\u00f3n de V\u00edsperas a las 19:00 horas, acompa\u00f1ando a las RR.MM.Benedictinas Carbajalas, en la capilla del Monasterio (Pza. del Grano).<\/p>\n<p>Domingo, d\u00eda 13.- Celebraci\u00f3n de la Eucarist\u00eda, a las 13:00 horas, en la iglesia de San Mart\u00edn. A la finalizaci\u00f3n de la misma se bendecir\u00e1 el nuevo Gui\u00f3n de la Cofrad\u00eda.<\/p>\n<p>Lunes, d\u00eda 14 (D\u00eda de la Cruz).- Celebraci\u00f3n de la Eucarist\u00eda, a las 20:00 horas, en la iglesia de San Mart\u00edn, junto con las dem\u00e1s Cofrad\u00edas con sede en la parroquia. A su finalizaci\u00f3n se proceder\u00e1 a adorar la reliquia del Lignum Crucis.<\/p>\n<p>Se hace constar que el aforo ser\u00e1 del 50% y que es obligatorio el uso de mascarilla.<\/p>\n<p>Lamentamos que las actuales condiciones sanitarias no nos permitan conmemorar la fiesta de la Exaltaci\u00f3n de la Santa Cruz como todos quisi\u00e9ramos.<\/p>\n","protected":false},"excerpt":{"rendered":"<p>La situaci\u00f3n sanitaria contin\u00faa siendo preocupante, por lo que la conmemoraci\u00f3n de la Exaltaci\u00f3n de la Santa Cruz que celebra la Real Cofrad\u00eda Minerva y Vera Cruz, este a\u00f1o ser\u00e1 limitada, aunque no por ello menos intensa. En esta ocasi\u00f3n no se har\u00e1 el traslado del Lignum Crucis desde el Monasterio de las Carbajalas hasta [&hellip;]<\/p>\n","protected":false},"author":1,"featured_media":0,"comment_status":"open","ping_status":"open","sticky":false,"template":"","format":"standard","meta":{"footnotes":""},"categories":[28],"tags":[],"class_list":["post-4697","post","type-post","status-publish","format-standard","hentry","category-historico"],"_links":{"self":[{"href":"https:\/\/pruebas.cursopracticoseo.com\/wordpress_o\/wp-json\/wp\/v2\/posts\/4697","targetHints":{"allow":["GET"]}}],"collection":[{"href":"https:\/\/pruebas.cursopracticoseo.com\/wordpress_o\/wp-json\/wp\/v2\/posts"}],"about":[{"href":"https:\/\/pruebas.cursopracticoseo.com\/wordpress_o\/wp-json\/wp\/v2\/types\/post"}],"author":[{"embeddable":true,"href":"https:\/\/pruebas.cursopracticoseo.com\/wordpress_o\/wp-json\/wp\/v2\/users\/1"}],"replies":[{"embeddable":true,"href":"https:\/\/pruebas.cursopracticoseo.com\/wordpress_o\/wp-json\/wp\/v2\/comments?post=4697"}],"version-history":[{"count":0,"href":"https:\/\/pruebas.cursopracticoseo.com\/wordpress_o\/wp-json\/wp\/v2\/posts\/4697\/revisions"}],"wp:attachment":[{"href":"https:\/\/pruebas.cursopracticoseo.com\/wordpress_o\/wp-json\/wp\/v2\/media?parent=4697"}],"wp:term":[{"taxonomy":"category","embeddable":true,"href":"https:\/\/pruebas.cursopracticoseo.com\/wordpress_o\/wp-json\/wp\/v2\/categories?post=4697"},{"taxonomy":"post_tag","embeddable":true,"href":"https:\/\/pruebas.cursopracticoseo.com\/wordpress_o\/wp-json\/wp\/v2\/tags?post=4697"}],"curies":[{"name":"wp","href":"https:\/\/api.w.org\/{rel}","templated":true}]}}