{"id":4693,"date":"2020-10-08T00:00:00","date_gmt":"2020-10-08T00:00:00","guid":{"rendered":"https:\/\/pruebas.cursopracticoseo.com\/wordpress_o\/manuel-antonio-couso-nuevo-presidente-de-santa-marta\/"},"modified":"2020-10-08T00:00:00","modified_gmt":"2020-10-08T00:00:00","slug":"manuel-antonio-couso-nuevo-presidente-de-santa-marta","status":"publish","type":"post","link":"https:\/\/pruebas.cursopracticoseo.com\/wordpress_o\/manuel-antonio-couso-nuevo-presidente-de-santa-marta\/","title":{"rendered":"MANUEL ANTONIO COUSO, NUEVO PRESIDENTE DE SANTA MARTA"},"content":{"rendered":"<p>El pr\u00f3ximo s\u00e1bado 10 de octubre Manuel Antonio Couso Sobrado tomar\u00e1 posesi\u00f3n de su nuevo cargo como presidente de la Hermandad de Santa Marta y de la Sagrada Cena. Manuel Antonio Couso fue ratificado por los hermanos de Santa Marta en la Asamblea celebrada en el pasado mes de julio, asimismo el d\u00eda 31 de julio el Sr. Obispo de la Di\u00f3cesis de Le\u00f3n, Monse\u00f1or Juli\u00e1n L\u00f3pez Mart\u00edn, confirm\u00f3 el nombramiento del nuevo Presidente de la Hermandad para el pr\u00f3ximo bienio 2020-2022.<\/p>\n<p>El acto tendr\u00e1 lugar en el transcurso de una solemne eucarist\u00eda que se celebrar\u00e1 a partir de las 20:00 horas en la iglesia parroquial de San Marcelo, sede can\u00f3nica de la Hermandad. Ante la imagen de Santa Marta, obra de V\u00edctor de los R\u00edos en 1947, se verificar\u00e1 el cambio de varas entre el presidente saliente, Antonio Sarmiento Villar y Manuel Antonio Couso Sobrado que desde ese momento pasar\u00e1 a regir la Hermandad. Recordamos que de acuerdo a las medidas restrictivas para la contenci\u00f3n del COVID-19 el aforo del templo est\u00e1 limitado a un tercio y que las personas que puedan acceder, obligatoriamente han de usar mascarilla y mantener la distancia interpersonal de seguridad.<\/p>\n<p>Manuel Antonio Couso forma parte de la Hermandad de Santa Marta desde hace m\u00e1s de tres d\u00e9cadas, en este tiempo cabe destacar los diferentes puestos por los que ha pasado, hermano de filas, bracero y, especialmente, en la Junta Directiva en la que ha desempe\u00f1ado diversos cargos: seise de la Casa de Betania, Tesorero, Vicepresidente y adjunto al Ordenador Mayor.<\/p>\n<p>La Hermandad de Santa Marta, fundada el 11 de diciembre de 1945, se encuentra inmersa en los preparativos del LXXV aniversario fundacional que se iniciar\u00e1 en el pr\u00f3ximo mes de diciembre.<\/p>\n","protected":false},"excerpt":{"rendered":"<p>El pr\u00f3ximo s\u00e1bado 10 de octubre Manuel Antonio Couso Sobrado tomar\u00e1 posesi\u00f3n de su nuevo cargo como presidente de la Hermandad de Santa Marta y de la Sagrada Cena. Manuel Antonio Couso fue ratificado por los hermanos de Santa Marta en la Asamblea celebrada en el pasado mes de julio, asimismo el d\u00eda 31 de [&hellip;]<\/p>\n","protected":false},"author":1,"featured_media":0,"comment_status":"open","ping_status":"open","sticky":false,"template":"","format":"standard","meta":{"footnotes":""},"categories":[28],"tags":[],"class_list":["post-4693","post","type-post","status-publish","format-standard","hentry","category-historico"],"_links":{"self":[{"href":"https:\/\/pruebas.cursopracticoseo.com\/wordpress_o\/wp-json\/wp\/v2\/posts\/4693","targetHints":{"allow":["GET"]}}],"collection":[{"href":"https:\/\/pruebas.cursopracticoseo.com\/wordpress_o\/wp-json\/wp\/v2\/posts"}],"about":[{"href":"https:\/\/pruebas.cursopracticoseo.com\/wordpress_o\/wp-json\/wp\/v2\/types\/post"}],"author":[{"embeddable":true,"href":"https:\/\/pruebas.cursopracticoseo.com\/wordpress_o\/wp-json\/wp\/v2\/users\/1"}],"replies":[{"embeddable":true,"href":"https:\/\/pruebas.cursopracticoseo.com\/wordpress_o\/wp-json\/wp\/v2\/comments?post=4693"}],"version-history":[{"count":0,"href":"https:\/\/pruebas.cursopracticoseo.com\/wordpress_o\/wp-json\/wp\/v2\/posts\/4693\/revisions"}],"wp:attachment":[{"href":"https:\/\/pruebas.cursopracticoseo.com\/wordpress_o\/wp-json\/wp\/v2\/media?parent=4693"}],"wp:term":[{"taxonomy":"category","embeddable":true,"href":"https:\/\/pruebas.cursopracticoseo.com\/wordpress_o\/wp-json\/wp\/v2\/categories?post=4693"},{"taxonomy":"post_tag","embeddable":true,"href":"https:\/\/pruebas.cursopracticoseo.com\/wordpress_o\/wp-json\/wp\/v2\/tags?post=4693"}],"curies":[{"name":"wp","href":"https:\/\/api.w.org\/{rel}","templated":true}]}}