{"id":4689,"date":"2020-11-10T00:00:00","date_gmt":"2020-11-10T00:00:00","guid":{"rendered":"https:\/\/pruebas.cursopracticoseo.com\/wordpress_o\/la-spagna-haydn-asenjo-barberi-las-siete-palabras-y-la-semana-santa-leonesa-protagonistas\/"},"modified":"2020-11-10T00:00:00","modified_gmt":"2020-11-10T00:00:00","slug":"la-spagna-haydn-asenjo-barberi-las-siete-palabras-y-la-semana-santa-leonesa-protagonistas","status":"publish","type":"post","link":"https:\/\/pruebas.cursopracticoseo.com\/wordpress_o\/la-spagna-haydn-asenjo-barberi-las-siete-palabras-y-la-semana-santa-leonesa-protagonistas\/","title":{"rendered":"LA SPAGNA, HAYDN, ASENJO BARBERI, LAS SIETE PALABRAS Y LA SEMANA SANTA LEONESA, PROTAGONISTAS"},"content":{"rendered":"<p>Cofrad\u00eda Siete Palabras de Jes\u00fas en la Cruz<\/p>\n<p>El arte no se construye \u00fanicamente con el talento de un genio. A menudo es necesario que se den distintas circunstancias para que el talento pueda acumularse. As\u00ed se culmina este proyecto, en el que la magn\u00edfica obra de las Siete Palabras de Joseph Haydn, uno de los mejores compositores del clasicismo, adquiere nuevos matices en la versi\u00f3n in\u00e9dita de Francisco Asenjo Barbieri, uno de los nombres clave de la historia de la m\u00fasica espa\u00f1ola. A esto se suma el marco, hist\u00f3ricamente inevitable, de la Santa Cueva de C\u00e1diz, donde el a\u00f1o pasado se estren\u00f3 a nivel mundial esta versi\u00f3n a cargo del reconocido grupo La Spagna, un nombre de referencia en el panorama de la m\u00fasica barroca en la actualidad y dirigido por Alejandro Mar\u00edas, leon\u00e9s de nacimiento. Junto a estos elementos, Jos\u00e9 Luis G\u00f3mez, director, actor, dramaturgo y miembro de la RAE, ser\u00e1 quien ponga voz a la obra. Por \u00faltimo, ser\u00e1n las im\u00e1genes de la Cofrad\u00eda de las Siete Palabras de Jes\u00fas en la Cruz las encargadas de ilustrar y de dotar de mayor fuerza y dramatismo a un v\u00eddeo promocional de la obra que correr\u00e1 a cargo del reconocido realizador Jaime Massieu.<\/p>\n<p>As\u00ed, este ambicioso proyecto, que cuenta con apoyo de la Agencia Espa\u00f1ola de Cooperaci\u00f3n Internacional para el Desarrollo (AECID) y del que se ha hecho eco El Diario de Le\u00f3n, tendr\u00e1 a la Semana Santa leonesa como protagonista. Para ello, como penitencial que m\u00e1s se asemeja al contexto de la obra dentro de la ciudad legionense, hemos colaborado como cofrad\u00eda en todo lo que estaba en nuestras manos, poniendo a su disposici\u00f3n para la grabaci\u00f3n todo el patrimonio referente a las im\u00e1genes de las seis tallas de las que disponemos. Para la Primera Palabra, imagen que est\u00e1 siendo realizada actualmente por nuestra penitencial, han dispuesto de la ayuda de la Cofrad\u00eda del Dulce Nombre de Jes\u00fas Nazareno.<\/p>\n<p>El eslab\u00f3n que ha unido a las Siete Palabras y esta propuesta ha sido el incansable impulsor y estudioso de la Semana Santa Leonesa, Jorge Revenga. Queremos agradecer su iniciativa al contar con la Cofrad\u00eda de las Siete Palabras de Jes\u00fas en la Cruz para este proyecto. Un proyecto que permitir\u00e1, adem\u00e1s, que la Cofrad\u00eda de las Siete Palabras y la Semana Santa leonesa sean protagonistas en las acciones que impulse la Agencia Espa\u00f1ola de Cooperaci\u00f3n Internacional para el Desarrollo.<\/p>\n<p>Para conocer m\u00e1s sobre la tradici\u00f3n musical vinculada a las Siete Palabras y a la obra del propio Haydn, recomendamos el libro + Que Siete Palabras.<\/p>\n","protected":false},"excerpt":{"rendered":"<p>Cofrad\u00eda Siete Palabras de Jes\u00fas en la Cruz El arte no se construye \u00fanicamente con el talento de un genio. A menudo es necesario que se den distintas circunstancias para que el talento pueda acumularse. As\u00ed se culmina este proyecto, en el que la magn\u00edfica obra de las Siete Palabras de Joseph Haydn, uno de [&hellip;]<\/p>\n","protected":false},"author":1,"featured_media":0,"comment_status":"open","ping_status":"open","sticky":false,"template":"","format":"standard","meta":{"footnotes":""},"categories":[28],"tags":[],"class_list":["post-4689","post","type-post","status-publish","format-standard","hentry","category-historico"],"_links":{"self":[{"href":"https:\/\/pruebas.cursopracticoseo.com\/wordpress_o\/wp-json\/wp\/v2\/posts\/4689","targetHints":{"allow":["GET"]}}],"collection":[{"href":"https:\/\/pruebas.cursopracticoseo.com\/wordpress_o\/wp-json\/wp\/v2\/posts"}],"about":[{"href":"https:\/\/pruebas.cursopracticoseo.com\/wordpress_o\/wp-json\/wp\/v2\/types\/post"}],"author":[{"embeddable":true,"href":"https:\/\/pruebas.cursopracticoseo.com\/wordpress_o\/wp-json\/wp\/v2\/users\/1"}],"replies":[{"embeddable":true,"href":"https:\/\/pruebas.cursopracticoseo.com\/wordpress_o\/wp-json\/wp\/v2\/comments?post=4689"}],"version-history":[{"count":0,"href":"https:\/\/pruebas.cursopracticoseo.com\/wordpress_o\/wp-json\/wp\/v2\/posts\/4689\/revisions"}],"wp:attachment":[{"href":"https:\/\/pruebas.cursopracticoseo.com\/wordpress_o\/wp-json\/wp\/v2\/media?parent=4689"}],"wp:term":[{"taxonomy":"category","embeddable":true,"href":"https:\/\/pruebas.cursopracticoseo.com\/wordpress_o\/wp-json\/wp\/v2\/categories?post=4689"},{"taxonomy":"post_tag","embeddable":true,"href":"https:\/\/pruebas.cursopracticoseo.com\/wordpress_o\/wp-json\/wp\/v2\/tags?post=4689"}],"curies":[{"name":"wp","href":"https:\/\/api.w.org\/{rel}","templated":true}]}}