{"id":4688,"date":"2020-11-19T00:00:00","date_gmt":"2020-11-19T00:00:00","guid":{"rendered":"https:\/\/pruebas.cursopracticoseo.com\/wordpress_o\/la-cofradia-de-la-redencion-celebra-el-acto-de-culto-en-honor-a-nuestro-padre-jesus-de-la-misericordia\/"},"modified":"2020-11-19T00:00:00","modified_gmt":"2020-11-19T00:00:00","slug":"la-cofradia-de-la-redencion-celebra-el-acto-de-culto-en-honor-a-nuestro-padre-jesus-de-la-misericordia","status":"publish","type":"post","link":"https:\/\/pruebas.cursopracticoseo.com\/wordpress_o\/la-cofradia-de-la-redencion-celebra-el-acto-de-culto-en-honor-a-nuestro-padre-jesus-de-la-misericordia\/","title":{"rendered":"LA COFRAD\u00cdA DE LA REDENCI\u00d3N CELEBRA EL ACTO DE CULTO EN HONOR A NUESTRO PADRE JES\u00daS DE LA MISERICORDIA"},"content":{"rendered":"<p>En este a\u00f1o tan at\u00edpico debido a los motivos de sobra conocidos, la Cofrad\u00eda de Nuestro Se\u00f1or Jes\u00fas de la Redenci\u00f3n quiere seguir honrando a sus im\u00e1genes devocionales como se hiciera el pasado mes de octubre con Nuestra Madre de la Divina Gracia.<\/p>\n<p>En esta ocasi\u00f3n, la Redenci\u00f3n celebrar\u00e1 la Solemnidad de Cristo Rey en torno a Nuestro Padre Jes\u00fas de la Misericordia tal y como viene realizando los \u00faltimos a\u00f1os. As\u00ed, en la Iglesia Conventual de San Marcos el pr\u00f3ximo s\u00e1bado, 21 de noviembre, tras el rezo del Santo Rosario, se celebrar\u00e1 a las 19.30h la Santa Misa en honor a la Sagrada Imagen, en la que contar\u00e1 con el acompa\u00f1amiento musical del Coro Parroquial de San Mart\u00edn.<\/p>\n<p>En esta ocasi\u00f3n y debido a los protocolos sanitarios que nos afectan derivados del COVID-19, se suspende el Devoto Besamanos a Nuestro Padre.<\/p>\n<p>Por medio de la presente, a su vez se pretende recordar la obligatoriedad del uso de la mascarilla en el interior del templo, as\u00ed como del gel hidroalcoh\u00f3lico puesto a disposici\u00f3n de todos, tanto la entrada como a la salida. Adem\u00e1s, se\u00f1alar que la capacidad del templo est\u00e1 limitado a un tercio del aforo.<\/p>\n<p>Rogamos seguir escrupulosamente las medidas recomendadas por las autoridades sanitarias, as\u00ed como acudir con antelaci\u00f3n a la Iglesia con el fin de evitar aglomeraciones a la entrada, seguir las indicaciones dispuestas en el recinto, con la recomendaci\u00f3n de no acudir si es persona de riesgo o tiene s\u00edntomas coincidentes con COVID-19.<\/p>\n","protected":false},"excerpt":{"rendered":"<p>En este a\u00f1o tan at\u00edpico debido a los motivos de sobra conocidos, la Cofrad\u00eda de Nuestro Se\u00f1or Jes\u00fas de la Redenci\u00f3n quiere seguir honrando a sus im\u00e1genes devocionales como se hiciera el pasado mes de octubre con Nuestra Madre de la Divina Gracia. En esta ocasi\u00f3n, la Redenci\u00f3n celebrar\u00e1 la Solemnidad de Cristo Rey en [&hellip;]<\/p>\n","protected":false},"author":1,"featured_media":0,"comment_status":"open","ping_status":"open","sticky":false,"template":"","format":"standard","meta":{"footnotes":""},"categories":[28],"tags":[],"class_list":["post-4688","post","type-post","status-publish","format-standard","hentry","category-historico"],"_links":{"self":[{"href":"https:\/\/pruebas.cursopracticoseo.com\/wordpress_o\/wp-json\/wp\/v2\/posts\/4688","targetHints":{"allow":["GET"]}}],"collection":[{"href":"https:\/\/pruebas.cursopracticoseo.com\/wordpress_o\/wp-json\/wp\/v2\/posts"}],"about":[{"href":"https:\/\/pruebas.cursopracticoseo.com\/wordpress_o\/wp-json\/wp\/v2\/types\/post"}],"author":[{"embeddable":true,"href":"https:\/\/pruebas.cursopracticoseo.com\/wordpress_o\/wp-json\/wp\/v2\/users\/1"}],"replies":[{"embeddable":true,"href":"https:\/\/pruebas.cursopracticoseo.com\/wordpress_o\/wp-json\/wp\/v2\/comments?post=4688"}],"version-history":[{"count":0,"href":"https:\/\/pruebas.cursopracticoseo.com\/wordpress_o\/wp-json\/wp\/v2\/posts\/4688\/revisions"}],"wp:attachment":[{"href":"https:\/\/pruebas.cursopracticoseo.com\/wordpress_o\/wp-json\/wp\/v2\/media?parent=4688"}],"wp:term":[{"taxonomy":"category","embeddable":true,"href":"https:\/\/pruebas.cursopracticoseo.com\/wordpress_o\/wp-json\/wp\/v2\/categories?post=4688"},{"taxonomy":"post_tag","embeddable":true,"href":"https:\/\/pruebas.cursopracticoseo.com\/wordpress_o\/wp-json\/wp\/v2\/tags?post=4688"}],"curies":[{"name":"wp","href":"https:\/\/api.w.org\/{rel}","templated":true}]}}