{"id":4687,"date":"2020-12-03T00:00:00","date_gmt":"2020-12-03T00:00:00","guid":{"rendered":"https:\/\/pruebas.cursopracticoseo.com\/wordpress_o\/campana-solidaria-de-recogida-de-alimentos-por-una-navidad-para-todos-2020\/"},"modified":"2020-12-03T00:00:00","modified_gmt":"2020-12-03T00:00:00","slug":"campana-solidaria-de-recogida-de-alimentos-por-una-navidad-para-todos-2020","status":"publish","type":"post","link":"https:\/\/pruebas.cursopracticoseo.com\/wordpress_o\/campana-solidaria-de-recogida-de-alimentos-por-una-navidad-para-todos-2020\/","title":{"rendered":"CAMPA\u00d1A SOLIDARIA DE RECOGIDA DE ALIMENTOS. POR UNA NAVIDAD PARA TODOS 2020"},"content":{"rendered":"<p>La Cofrad\u00eda de las Siete Palabras de Jes\u00fas en la Cruz, como cada a\u00f1o, en el marco de su Obra Social, desea llevar a efecto la CAMPA\u00d1A SOLIDARIA DE RECOGIDA DE ALIMENTOS, POR UNA NAVIDAD PARA TODOS.<\/p>\n<p>Son numerosos los establecimientos de la capital legionense que se han puesto a nuestra disposici\u00f3n para poder desarrollar, a\u00f1o m\u00e1s, esta solidaria actividad que tanta ayuda favorece.<\/p>\n<p>Todos y cada uno de los productos que sean recogidos ir\u00e1n destinados a C\u00e1ritas Parroquial de San Marcelo y a la Obra Social Franciscana. Rogamos, as\u00ed, que los alimentos sean no perecederos.<\/p>\n<p>Puntos de recogida:<br \/>\n\u2022 IES Ordo\u00f1o II (Avda. San Juan de Sahag\u00fan, s\/n)<br \/>\n\u2022 Carmen Peluqueros (C\/ Maestros Cantores, 3)<br \/>\n\u2022 Cafeter\u00eda del Parque Tecnol\u00f3gico<br \/>\n\u2022 Sistema Inteligente de Veh\u00edculos (C\/ Mart\u00edn Sarmiento, 20)<br \/>\n\u2022 PCBox (C\/ Juan Madrazo, 9)<br \/>\n\u2022 Peluquer\u00eda Thaly (Avda. Mariano Andr\u00e9s 216 bajo)<br \/>\n\u2022 STAS (C\/Teatro, 1)<br \/>\n\u2022 Administraci\u00f3n de Loter\u00eda Santa Rita (C\/ San Juan de Sahag\u00fan, 24)<\/p>\n<p>Esta recolecta tambi\u00e9n podr\u00e1 ser el d\u00eda 12 de diciembre, con motivo del IX concierto de villancicos \u201cPor una Navidad para Todos\u201d, organizado por la penitencial a las 17.30h en la iglesia de los PP. Capuchinos. Este a\u00f1o tenemos la particularidad de que contaremos con la participaci\u00f3n de la agrupaci\u00f3n coral CantArte, grupo nacido fruto de la inquietud y proyecto de un grupo de j\u00f3venes, amigos y amantes todos de la m\u00fasica vocal que en esta ocasi\u00f3n a\u00fanan sus esfuerzos, sus cualidades y sus voces de manera altruista con un fin solidario adem\u00e1s de hacernos disfrutar de su arte.<\/p>\n<p>Los m\u00e1s peque\u00f1os podr\u00e1n hacer llegar a SS.MM. los Reyes Magos de Oriente sus cartas, ya que contaremos con la presencia de un Cartero Real. En el transcurso del acto se har\u00e1 entrega de los premios, diplomas al ganador y a los finalistas del Colegio Leon\u00e9s en el V concurso \u00abSalva Silva\u00bb de postales navide\u00f1as.<\/p>\n<p>Todo el acto ser\u00e1 adaptado a las actuales circunstancias sanitarias respetando escrupulosamente las distancias entre los asistentes y las medidas de seguridad, de esta forma podremos disfrutar del mismo aun a costa de sacrificar la cercan\u00eda que disfrut\u00e1bamos en a\u00f1os anteriores.<\/p>\n","protected":false},"excerpt":{"rendered":"<p>La Cofrad\u00eda de las Siete Palabras de Jes\u00fas en la Cruz, como cada a\u00f1o, en el marco de su Obra Social, desea llevar a efecto la CAMPA\u00d1A SOLIDARIA DE RECOGIDA DE ALIMENTOS, POR UNA NAVIDAD PARA TODOS. Son numerosos los establecimientos de la capital legionense que se han puesto a nuestra disposici\u00f3n para poder desarrollar, [&hellip;]<\/p>\n","protected":false},"author":1,"featured_media":0,"comment_status":"open","ping_status":"open","sticky":false,"template":"","format":"standard","meta":{"footnotes":""},"categories":[28],"tags":[],"class_list":["post-4687","post","type-post","status-publish","format-standard","hentry","category-historico"],"_links":{"self":[{"href":"https:\/\/pruebas.cursopracticoseo.com\/wordpress_o\/wp-json\/wp\/v2\/posts\/4687","targetHints":{"allow":["GET"]}}],"collection":[{"href":"https:\/\/pruebas.cursopracticoseo.com\/wordpress_o\/wp-json\/wp\/v2\/posts"}],"about":[{"href":"https:\/\/pruebas.cursopracticoseo.com\/wordpress_o\/wp-json\/wp\/v2\/types\/post"}],"author":[{"embeddable":true,"href":"https:\/\/pruebas.cursopracticoseo.com\/wordpress_o\/wp-json\/wp\/v2\/users\/1"}],"replies":[{"embeddable":true,"href":"https:\/\/pruebas.cursopracticoseo.com\/wordpress_o\/wp-json\/wp\/v2\/comments?post=4687"}],"version-history":[{"count":0,"href":"https:\/\/pruebas.cursopracticoseo.com\/wordpress_o\/wp-json\/wp\/v2\/posts\/4687\/revisions"}],"wp:attachment":[{"href":"https:\/\/pruebas.cursopracticoseo.com\/wordpress_o\/wp-json\/wp\/v2\/media?parent=4687"}],"wp:term":[{"taxonomy":"category","embeddable":true,"href":"https:\/\/pruebas.cursopracticoseo.com\/wordpress_o\/wp-json\/wp\/v2\/categories?post=4687"},{"taxonomy":"post_tag","embeddable":true,"href":"https:\/\/pruebas.cursopracticoseo.com\/wordpress_o\/wp-json\/wp\/v2\/tags?post=4687"}],"curies":[{"name":"wp","href":"https:\/\/api.w.org\/{rel}","templated":true}]}}