{"id":4684,"date":"2020-12-04T00:00:00","date_gmt":"2020-12-04T00:00:00","guid":{"rendered":"https:\/\/pruebas.cursopracticoseo.com\/wordpress_o\/la-hermandad-de-santa-marta-presento-los-actos-del-lxxv-aniversario-fundacional\/"},"modified":"2020-12-04T00:00:00","modified_gmt":"2020-12-04T00:00:00","slug":"la-hermandad-de-santa-marta-presento-los-actos-del-lxxv-aniversario-fundacional","status":"publish","type":"post","link":"https:\/\/pruebas.cursopracticoseo.com\/wordpress_o\/la-hermandad-de-santa-marta-presento-los-actos-del-lxxv-aniversario-fundacional\/","title":{"rendered":"LA HERMANDAD DE SANTA MARTA PRESENT\u00d3 LOS ACTOS DEL LXXV ANIVERSARIO FUNDACIONAL"},"content":{"rendered":"<p>En la tarde del d\u00eda 3 de diciembre la Hermandad de Santa Marta y de la Sagrada Cena present\u00f3 los actos conmemorativos del LXXV Aniversario fundacional en un acto efectuado en la Sala del Pend\u00f3n de la Colegiata de San Isidoro de nuestra ciudad. La presentaci\u00f3n de los actos puede visualizarse en el canal de Youtube de la Hermandad.<\/p>\n<p>En el transcurso del acto se dio a conocer el cartel de este aniversario, obra del leon\u00e9s D. Pablo Alonso Juan. Asimismo cabe recordar que el logotipo del aniversario fue dise\u00f1ado por el leon\u00e9s D. Carlos Garc\u00eda Valverde. Durante el acto el Presidente, D. Manuel Antonio Couso Sobrado, entreg\u00f3 el nombramiento de Consiliario Honorario a D. Telmo D\u00edez Villarroel que durante treinta y cuatro a\u00f1os acompa\u00f1\u00f3 a esta Hermandad aportando su magisterio, consejo y asesoramiento espiritual.<\/p>\n<p>En cuanto al programa de actos, a pesar de la situaci\u00f3n actual derivada de la pandemia del Covid-19, la Hermandad ha apostado por iniciar esta celebraci\u00f3n tan importante en acci\u00f3n de gracias por esta historia de setenta y cinco a\u00f1os, y especialmente en reconocimiento y homenajea la labor llevada a cabo por tantos hermanos y hermanas desde aquel 11 de diciembre de 1945. La Hermandad de Santa Marta pretende desarrollar el programa ideado siguiendo en todo momento las recomendaciones sanitarias y medidas de prevenci\u00f3n. Por este motivo, la Hermandad anunciar\u00e1 con el suficiente tiempo cada uno de los actos con las caracter\u00edsticas de los mismos, la fecha y lugar, as\u00ed como las normas que han de seguirse en cada uno de ellos.<\/p>\n<p>La apertura de esta efem\u00e9ride tendr\u00e1 lugar el pr\u00f3ximo d\u00eda 12 de diciembre a las siete de la tarde en la S.I. Catedral donde el consiliario de la Hermandad, M. I. Sr. D. F\u00e9lix D\u00edez Alonso, presidir\u00e1 una solemne Eucarist\u00eda de Acci\u00f3n de Gracias a la que se dar\u00e1 un simbolismo de peregrinaci\u00f3n al \u201ctemplo madre\u201d de la Di\u00f3cesis de Le\u00f3n.<\/p>\n<p>Dentro del programa de actos subrayamos los siguientes:\u201cEvocaciones\u201d, un acto de exaltaci\u00f3n de la Hermandad.Unameditaci\u00f3n que el reconocido sacerdote leon\u00e9s D. Jos\u00e9-Rom\u00e1n Flecha Andr\u00e9s realizar\u00e1 ante el Crucificado que esta Hermandad procesiona en el Rosario de Pasi\u00f3n cada Lunes Santo. \u201cVisiones de 75 a\u00f1os de historia\u201d ser\u00e1 un ciclo de conferencias, proyecciones, mesas redondas, para desarrollar a lo largo de varias jornadas distribuidas a lo largo del a\u00f1o 2021.\u201cLas huellas de la Hermandad\u201d, Itinerariopor la ciudad antigua que realizar\u00e1 paradas ante aquellos lugares relacionados con la historia de la Hermandad. El Claustro de la Colegiata de San Isidoro acoger\u00e1 el Concierto conmemorativo del LXXV Aniversario que ofrecer\u00e1 la Agrupaci\u00f3n Musical Santa Marta y Sagrada Cena.<\/p>\n<p>Dada la naturaleza eucar\u00edstica presente en los Estatutos, a lo largo del a\u00f1o la Hermandad organizar\u00e1 algunos cultos de car\u00e1cter eminentemente eucar\u00edsticos, entre los que se encuentra la Exposici\u00f3n del Sant\u00edsimo al finalizar la misa de ocho de la tarde de los primeros s\u00e1bados de mes en la iglesia de San Marcelo. Del mismo modo, en la Real Colegiata-Bas\u00edlica de San Isidoro organizar\u00e1 una misa por el rito hispano moz\u00e1rabe con procesi\u00f3n claustral. \u201cCap\u00edtulos de la historia de la Hermandad\u201d ser\u00e1 la exposici\u00f3n que presente un recorrido a lo largo de la trayectoria de la Hermandad. En el mes de noviembre la Hermandad celebrar\u00e1 una Misa de r\u00e9quiem en sufragio de todos los hermanos que han pertenecido a la misma desde su fundaci\u00f3n.<\/p>\n<p>Al coincidir la celebraci\u00f3n de esta efem\u00e9ride con el A\u00f1o Santo Compostelano la Hermandad realizar\u00e1 El Camino de Santiago, una iniciativa que permitir\u00e1 realizar siete etapas de la ruta jacobea en meses diferentes.<\/p>\n<p>Por otra parte, se ha logrado que el Taco del Coraz\u00f3n de Jes\u00fas que la Editorial Mensajero edita desde hace 125 a\u00f1os dedique la hoja del pr\u00f3ximo d\u00eda 3 de marzo de 2021 a una rese\u00f1a hist\u00f3rica de la Hermandad. Igualmente la ONCE emitir\u00e1 un cup\u00f3n dedicado al LXXV Aniversario de la Hermandad en el sorteo del d\u00eda 28 de marzo, Domingo de Ramos.<\/p>\n<p>Algunos otros actos y proyectos se dar\u00e1n a conocer m\u00e1s adelante, entre los que tampoco faltar\u00e1n los destinados a la acci\u00f3n social que tanto se necesita en estos tiempos.<\/p>\n<p>El Presidente de la Hermandad, D. Manuel Antonio Couso, entreg\u00f3 al Rvdo. D. Telmo D\u00edez Villarroel un pergamino en el que constaba el nombramiento de Consiliario Honorario de la Hermandad que la Junta de Gobierno acord\u00f3 un\u00e1nimemente el pasado d\u00eda 23 de octubre. Seguidamente D. Telmo D\u00edez record\u00f3 las palabras de Santa Teresa de \u00c1vila,\u201camor saca amor\u201d, y \u00e9l parafraseando a la Santa afirm\u00f3 que gracia saca gracia porque el t\u00edtulo concedido es una gracia que se le otorga, por consiguiente remarc\u00f3 que si saca gracia, \u00e9l ten\u00eda que decir muchas gracias. Igualmente record\u00f3 los treinta y cuatro a\u00f1os en los que sirvi\u00f3 de consiliario de la Hermandad, lo que quiere decir lo mismo que consejero, por lo que sigue estando dispuesto a dar consejo. D. Telmo D\u00edez Villarroel concluy\u00f3 sus palabras con un soneto por \u00e9l escrito dedicado al Sant\u00edsimo Sacramento.<\/p>\n<p>El Consiliario de la Hermandad, D. F\u00e9lix D\u00edez Alonso, invit\u00f3 a todos a participar en los actos, esperando que esta ocasi\u00f3n suponga una renovaci\u00f3n de la Hermandad y sobre todo de la vida de todos los hermanos que forman parte de la misma. Subray\u00f3 el valor de la Eucarist\u00eda en la vida de la Iglesia y en la vida de la Hermandad.Respecto a los actos del aniversario reconoci\u00f3 que pueden contribuir a enriquecer personalmente a todos y que sean una ocasi\u00f3n para renovar los compromisos con los que se inici\u00f3 la Hermandad de Santa Marta.<\/p>\n<p>Finalmente el Presidente de la Hermandad subray\u00f3 que los Actos y Cultos que ofrece la Hermandad a todos nuestros Hermanos y a la Ciudad de Le\u00f3n en general sirvan para ser testigos de este Aniversario que, sin duda, pasar\u00e1 a la Historia de la Hermandad.<\/p>\n","protected":false},"excerpt":{"rendered":"<p>En la tarde del d\u00eda 3 de diciembre la Hermandad de Santa Marta y de la Sagrada Cena present\u00f3 los actos conmemorativos del LXXV Aniversario fundacional en un acto efectuado en la Sala del Pend\u00f3n de la Colegiata de San Isidoro de nuestra ciudad. La presentaci\u00f3n de los actos puede visualizarse en el canal de [&hellip;]<\/p>\n","protected":false},"author":1,"featured_media":0,"comment_status":"open","ping_status":"open","sticky":false,"template":"","format":"standard","meta":{"footnotes":""},"categories":[28],"tags":[],"class_list":["post-4684","post","type-post","status-publish","format-standard","hentry","category-historico"],"_links":{"self":[{"href":"https:\/\/pruebas.cursopracticoseo.com\/wordpress_o\/wp-json\/wp\/v2\/posts\/4684","targetHints":{"allow":["GET"]}}],"collection":[{"href":"https:\/\/pruebas.cursopracticoseo.com\/wordpress_o\/wp-json\/wp\/v2\/posts"}],"about":[{"href":"https:\/\/pruebas.cursopracticoseo.com\/wordpress_o\/wp-json\/wp\/v2\/types\/post"}],"author":[{"embeddable":true,"href":"https:\/\/pruebas.cursopracticoseo.com\/wordpress_o\/wp-json\/wp\/v2\/users\/1"}],"replies":[{"embeddable":true,"href":"https:\/\/pruebas.cursopracticoseo.com\/wordpress_o\/wp-json\/wp\/v2\/comments?post=4684"}],"version-history":[{"count":0,"href":"https:\/\/pruebas.cursopracticoseo.com\/wordpress_o\/wp-json\/wp\/v2\/posts\/4684\/revisions"}],"wp:attachment":[{"href":"https:\/\/pruebas.cursopracticoseo.com\/wordpress_o\/wp-json\/wp\/v2\/media?parent=4684"}],"wp:term":[{"taxonomy":"category","embeddable":true,"href":"https:\/\/pruebas.cursopracticoseo.com\/wordpress_o\/wp-json\/wp\/v2\/categories?post=4684"},{"taxonomy":"post_tag","embeddable":true,"href":"https:\/\/pruebas.cursopracticoseo.com\/wordpress_o\/wp-json\/wp\/v2\/tags?post=4684"}],"curies":[{"name":"wp","href":"https:\/\/api.w.org\/{rel}","templated":true}]}}