{"id":4683,"date":"2020-12-10T00:00:00","date_gmt":"2020-12-10T00:00:00","guid":{"rendered":"https:\/\/pruebas.cursopracticoseo.com\/wordpress_o\/la-hermandad-de-santa-marta-inicia-el-lxxv-aniversario-fundacional\/"},"modified":"2020-12-10T00:00:00","modified_gmt":"2020-12-10T00:00:00","slug":"la-hermandad-de-santa-marta-inicia-el-lxxv-aniversario-fundacional","status":"publish","type":"post","link":"https:\/\/pruebas.cursopracticoseo.com\/wordpress_o\/la-hermandad-de-santa-marta-inicia-el-lxxv-aniversario-fundacional\/","title":{"rendered":"LA HERMANDAD DE SANTA MARTA INICIA EL LXXV ANIVERSARIO FUNDACIONAL"},"content":{"rendered":"<p>\u201cLa Catedral acoger\u00e1 una Eucarist\u00eda de Acci\u00f3n de Gracias\u201d.<\/p>\n<p>El d\u00eda 11 de diciembre se cumple el LXXV Aniversario fundacional de la Hermandad de Santa Marta y de la Sagrada Cena. En este d\u00eda la Hermandad publicar\u00e1 en su canal de Youtube un v\u00eddeo promocional de esta efem\u00e9ride. Igualmente publicar\u00e1 en su p\u00e1gina Web el trig\u00e9simo octavo n\u00famero de El Cen\u00e1culo, bolet\u00edn digital que la Hermandad publica desde 2012.<\/p>\n<p>El s\u00e1bado d\u00eda 12 de diciembre tendr\u00e1 lugar la apertura oficial del programa dise\u00f1ado para conmemorar este septuag\u00e9simo quinto aniversario fundacional. La Hermandad acudir\u00e1 a la S. I. Catedral de Le\u00f3n para celebrar una solemne Eucarist\u00eda de Acci\u00f3n de gracias y apertura de los actos del LXXV Aniversario fundacional a las siete de la tarde. Este acto tendr\u00e1 el simbolismo de peregrinaci\u00f3n al \u201cTemplo madre\u201d de la Di\u00f3cesis Legionense a la que pertenece la Hermandad dada su condici\u00f3n de asociaci\u00f3n p\u00fablica de fieles.<br \/>\nLa entrada en el templo se realizar\u00e1 a partir de las 18:45 horas hasta completar el aforo, siguiendo las recomendaciones sanitarias y medidas de prevenci\u00f3n, uso de mascarilla, hidrogel y distanciamiento.<\/p>\n<p>Dada la importancia de esta celebraci\u00f3n la Hermandad ha considerado que sea retransmitida en directo por 987 Live, a trav\u00e9s de su canal de televisi\u00f3n y redes sociales, as\u00ed como en el canal de Youtube de la Hermandad y Facebook.<\/p>\n","protected":false},"excerpt":{"rendered":"<p>\u201cLa Catedral acoger\u00e1 una Eucarist\u00eda de Acci\u00f3n de Gracias\u201d. El d\u00eda 11 de diciembre se cumple el LXXV Aniversario fundacional de la Hermandad de Santa Marta y de la Sagrada Cena. En este d\u00eda la Hermandad publicar\u00e1 en su canal de Youtube un v\u00eddeo promocional de esta efem\u00e9ride. Igualmente publicar\u00e1 en su p\u00e1gina Web el [&hellip;]<\/p>\n","protected":false},"author":1,"featured_media":0,"comment_status":"open","ping_status":"open","sticky":false,"template":"","format":"standard","meta":{"footnotes":""},"categories":[28],"tags":[],"class_list":["post-4683","post","type-post","status-publish","format-standard","hentry","category-historico"],"_links":{"self":[{"href":"https:\/\/pruebas.cursopracticoseo.com\/wordpress_o\/wp-json\/wp\/v2\/posts\/4683","targetHints":{"allow":["GET"]}}],"collection":[{"href":"https:\/\/pruebas.cursopracticoseo.com\/wordpress_o\/wp-json\/wp\/v2\/posts"}],"about":[{"href":"https:\/\/pruebas.cursopracticoseo.com\/wordpress_o\/wp-json\/wp\/v2\/types\/post"}],"author":[{"embeddable":true,"href":"https:\/\/pruebas.cursopracticoseo.com\/wordpress_o\/wp-json\/wp\/v2\/users\/1"}],"replies":[{"embeddable":true,"href":"https:\/\/pruebas.cursopracticoseo.com\/wordpress_o\/wp-json\/wp\/v2\/comments?post=4683"}],"version-history":[{"count":0,"href":"https:\/\/pruebas.cursopracticoseo.com\/wordpress_o\/wp-json\/wp\/v2\/posts\/4683\/revisions"}],"wp:attachment":[{"href":"https:\/\/pruebas.cursopracticoseo.com\/wordpress_o\/wp-json\/wp\/v2\/media?parent=4683"}],"wp:term":[{"taxonomy":"category","embeddable":true,"href":"https:\/\/pruebas.cursopracticoseo.com\/wordpress_o\/wp-json\/wp\/v2\/categories?post=4683"},{"taxonomy":"post_tag","embeddable":true,"href":"https:\/\/pruebas.cursopracticoseo.com\/wordpress_o\/wp-json\/wp\/v2\/tags?post=4683"}],"curies":[{"name":"wp","href":"https:\/\/api.w.org\/{rel}","templated":true}]}}