{"id":4681,"date":"2020-12-14T00:00:00","date_gmt":"2020-12-14T00:00:00","guid":{"rendered":"https:\/\/pruebas.cursopracticoseo.com\/wordpress_o\/belen-solidario-jesus-sacramentado\/"},"modified":"2020-12-14T00:00:00","modified_gmt":"2020-12-14T00:00:00","slug":"belen-solidario-jesus-sacramentado","status":"publish","type":"post","link":"https:\/\/pruebas.cursopracticoseo.com\/wordpress_o\/belen-solidario-jesus-sacramentado\/","title":{"rendered":"BEL\u00c9N SOLIDARIO JES\u00daS SACRAMENTADO"},"content":{"rendered":"<p>Desde la Junta continuamos trabajando en diversas l\u00edneas de acci\u00f3n social teniedo en cuenta las medidas sanitarias. Es por ello que se ha instalado un Bel\u00e9n Solidario para la recaudaci\u00f3n de fondos que ser\u00e1n destinados a la Residencia de Acogida Nuestra Se\u00f1ora de Lourdes (San Andr\u00e9s del Rabanedo &#8211; Le\u00f3n) y C\u00e1ritas Diocesana de Le\u00f3n.<\/p>\n<p>Este centro, de la Fundaci\u00f3n de la Entidad P\u00eda Uni\u00f3n Obreras de Jes\u00fas, est\u00e1 destinado a la atenci\u00f3n inmediata o de urgencia de menores en situaci\u00f3n de crisis familiar o de grave riesgo de desprotecci\u00f3n, el hogar cuenta con ocho plazas que siempre est\u00e1n cubiertas.<br \/>\nEl Bel\u00e9n, expuesto en la antesala de la sacrist\u00eda de nuestra sede, podr\u00e1 ser visitado todos los s\u00e1bado antes de la Misa Conventual, desde las 19:00 horas. (Entrada por la C\/Sacramento).<\/p>\n<p>Toda persona que desee colaborar en este Bel\u00e9n Solidario, podr\u00e1 realizar su donativo en la urna instalada o a trav\u00e9s de la cuenta bancaria de la cofrad\u00eda (ES 96 2100 6159 8402 0000 5169) indicando como concepto \u00abBel\u00e9n Solidario\u00bb.<\/p>\n<p>El pr\u00f3ximo viernes 18 de Diciembre de 2020, con motivo de la festividad de Nuestra Se\u00f1ora de la Esperanza, se celebrar\u00e1 en la Real Colegiata-Bas\u00edlica de San Isidoro una Eucarist\u00eda bajo el rito hispano-moz\u00e1rabe. Esta celebraci\u00f3n tendr\u00e1 lugar a las 20:00 horas.<br \/>\nPor otra parte, el s\u00e1bado d\u00eda 19 de Diciembre de 2020, tendr\u00e1 lugar la toma de posesi\u00f3n Mons. Luis \u00c1ngel de las Heras como Obispo de la Di\u00f3cesis Leonesa. El acto tendr\u00e1 lugar en la S.I. Catedral a las 11:00 horas.<\/p>\n","protected":false},"excerpt":{"rendered":"<p>Desde la Junta continuamos trabajando en diversas l\u00edneas de acci\u00f3n social teniedo en cuenta las medidas sanitarias. Es por ello que se ha instalado un Bel\u00e9n Solidario para la recaudaci\u00f3n de fondos que ser\u00e1n destinados a la Residencia de Acogida Nuestra Se\u00f1ora de Lourdes (San Andr\u00e9s del Rabanedo &#8211; Le\u00f3n) y C\u00e1ritas Diocesana de Le\u00f3n. [&hellip;]<\/p>\n","protected":false},"author":1,"featured_media":0,"comment_status":"open","ping_status":"open","sticky":false,"template":"","format":"standard","meta":{"footnotes":""},"categories":[28],"tags":[],"class_list":["post-4681","post","type-post","status-publish","format-standard","hentry","category-historico"],"_links":{"self":[{"href":"https:\/\/pruebas.cursopracticoseo.com\/wordpress_o\/wp-json\/wp\/v2\/posts\/4681","targetHints":{"allow":["GET"]}}],"collection":[{"href":"https:\/\/pruebas.cursopracticoseo.com\/wordpress_o\/wp-json\/wp\/v2\/posts"}],"about":[{"href":"https:\/\/pruebas.cursopracticoseo.com\/wordpress_o\/wp-json\/wp\/v2\/types\/post"}],"author":[{"embeddable":true,"href":"https:\/\/pruebas.cursopracticoseo.com\/wordpress_o\/wp-json\/wp\/v2\/users\/1"}],"replies":[{"embeddable":true,"href":"https:\/\/pruebas.cursopracticoseo.com\/wordpress_o\/wp-json\/wp\/v2\/comments?post=4681"}],"version-history":[{"count":0,"href":"https:\/\/pruebas.cursopracticoseo.com\/wordpress_o\/wp-json\/wp\/v2\/posts\/4681\/revisions"}],"wp:attachment":[{"href":"https:\/\/pruebas.cursopracticoseo.com\/wordpress_o\/wp-json\/wp\/v2\/media?parent=4681"}],"wp:term":[{"taxonomy":"category","embeddable":true,"href":"https:\/\/pruebas.cursopracticoseo.com\/wordpress_o\/wp-json\/wp\/v2\/categories?post=4681"},{"taxonomy":"post_tag","embeddable":true,"href":"https:\/\/pruebas.cursopracticoseo.com\/wordpress_o\/wp-json\/wp\/v2\/tags?post=4681"}],"curies":[{"name":"wp","href":"https:\/\/api.w.org\/{rel}","templated":true}]}}