{"id":4680,"date":"2020-12-14T00:00:00","date_gmt":"2020-12-14T00:00:00","guid":{"rendered":"https:\/\/pruebas.cursopracticoseo.com\/wordpress_o\/concierto-de-villancicos-por-una-navidad-para-todos-2020\/"},"modified":"2020-12-14T00:00:00","modified_gmt":"2020-12-14T00:00:00","slug":"concierto-de-villancicos-por-una-navidad-para-todos-2020","status":"publish","type":"post","link":"https:\/\/pruebas.cursopracticoseo.com\/wordpress_o\/concierto-de-villancicos-por-una-navidad-para-todos-2020\/","title":{"rendered":"Concierto de Villancicos &#8216;Por una Navidad para Todos&#8217; 2020"},"content":{"rendered":"<p>Ayer, 12 de diciembre, tuvo lugar el concierto solidario \u2018Por una Navidad para Todos\u2019, organizado por la Cofrad\u00eda de las Siete Palabras de Jes\u00fas en la Cruz en la Iglesia de los PP. Capuchinos de Le\u00f3n.<\/p>\n<p>Este a\u00f1o se cont\u00f3 con la participaci\u00f3n de la agrupaci\u00f3n coral CantArte, que ameniz\u00f3 con sus asombrosas voces una m\u00e1gica tarde, en la que la presencia de un Paje Real permiti\u00f3 que los m\u00e1s peque\u00f1os hiciesen llegar sus cartas a SS.MM. los Reyes Magos de Oriente.<br \/>\nTodo el acto fue adaptado a las actuales circunstancias sanitarias, respetando escrupulosamente la distancia entre los asistentes y las medidas de seguridad; de esta forma pudimos disfrutar del mismo aun a costa de sacrificar la cercan\u00eda permitida en a\u00f1os anteriores.<br \/>\nDurante el transcurso del acto se hizo entrega de los premios y diplomas, tanto a la ganadora como a los finalistas del V Concurso \u201cSalva Silva\u201d de postales navide\u00f1as, certamen que la Penitencial organiza en colaboraci\u00f3n con el Colegio Leon\u00e9s. La ganadora, entre m\u00e1s de 200 obras presentadas, fue la firmada por Carolina Compadre Berciano, alumna de 6\u00ba curso en el Colegio Leon\u00e9s San Isidoro. Esta obra es adem\u00e1s la que ilustra la postal de felicitaci\u00f3n para la Navidad 2020, as\u00ed como el cartel anunciador de este IX concierto solidario de villancicos.<\/p>\n<p>En total, se recogieron casi 500 Kg de alimentos, a los que se sumar\u00e1 los que se est\u00e1n todav\u00eda recogiendo en estos d\u00edas en diversos establecimientos de la capital leonesa para su entrega a la Obra Social Franciscana.<\/p>\n<p>Todas las fotos y videos disponibles en www.sietepalabras.com<\/p>\n","protected":false},"excerpt":{"rendered":"<p>Ayer, 12 de diciembre, tuvo lugar el concierto solidario \u2018Por una Navidad para Todos\u2019, organizado por la Cofrad\u00eda de las Siete Palabras de Jes\u00fas en la Cruz en la Iglesia de los PP. Capuchinos de Le\u00f3n. Este a\u00f1o se cont\u00f3 con la participaci\u00f3n de la agrupaci\u00f3n coral CantArte, que ameniz\u00f3 con sus asombrosas voces una [&hellip;]<\/p>\n","protected":false},"author":1,"featured_media":0,"comment_status":"open","ping_status":"open","sticky":false,"template":"","format":"standard","meta":{"footnotes":""},"categories":[28],"tags":[],"class_list":["post-4680","post","type-post","status-publish","format-standard","hentry","category-historico"],"_links":{"self":[{"href":"https:\/\/pruebas.cursopracticoseo.com\/wordpress_o\/wp-json\/wp\/v2\/posts\/4680","targetHints":{"allow":["GET"]}}],"collection":[{"href":"https:\/\/pruebas.cursopracticoseo.com\/wordpress_o\/wp-json\/wp\/v2\/posts"}],"about":[{"href":"https:\/\/pruebas.cursopracticoseo.com\/wordpress_o\/wp-json\/wp\/v2\/types\/post"}],"author":[{"embeddable":true,"href":"https:\/\/pruebas.cursopracticoseo.com\/wordpress_o\/wp-json\/wp\/v2\/users\/1"}],"replies":[{"embeddable":true,"href":"https:\/\/pruebas.cursopracticoseo.com\/wordpress_o\/wp-json\/wp\/v2\/comments?post=4680"}],"version-history":[{"count":0,"href":"https:\/\/pruebas.cursopracticoseo.com\/wordpress_o\/wp-json\/wp\/v2\/posts\/4680\/revisions"}],"wp:attachment":[{"href":"https:\/\/pruebas.cursopracticoseo.com\/wordpress_o\/wp-json\/wp\/v2\/media?parent=4680"}],"wp:term":[{"taxonomy":"category","embeddable":true,"href":"https:\/\/pruebas.cursopracticoseo.com\/wordpress_o\/wp-json\/wp\/v2\/categories?post=4680"},{"taxonomy":"post_tag","embeddable":true,"href":"https:\/\/pruebas.cursopracticoseo.com\/wordpress_o\/wp-json\/wp\/v2\/tags?post=4680"}],"curies":[{"name":"wp","href":"https:\/\/api.w.org\/{rel}","templated":true}]}}