{"id":4678,"date":"2020-12-14T00:00:00","date_gmt":"2020-12-14T00:00:00","guid":{"rendered":"https:\/\/pruebas.cursopracticoseo.com\/wordpress_o\/la-hermandad-de-santa-marta-celebro-la-apertura-del-lxxv-aniversario-fundacional\/"},"modified":"2020-12-14T00:00:00","modified_gmt":"2020-12-14T00:00:00","slug":"la-hermandad-de-santa-marta-celebro-la-apertura-del-lxxv-aniversario-fundacional","status":"publish","type":"post","link":"https:\/\/pruebas.cursopracticoseo.com\/wordpress_o\/la-hermandad-de-santa-marta-celebro-la-apertura-del-lxxv-aniversario-fundacional\/","title":{"rendered":"LA HERMANDAD DE SANTA MARTA CELEBR\u00d3 LA APERTURA DEL LXXV ANIVERSARIO FUNDACIONAL"},"content":{"rendered":"<p>e la alegr\u00eda\u201d, exhortando a todos los hermanos a \u201csentirse portadores de esa luz y capaces de transmitir como lo han hecho otros anteriormente\u201d.<\/p>\n<p>Al finalizar la Eucarist\u00eda, el Presidente de la Hermandad, D. Manuel Antonio Couso Sobrado, procedi\u00f3 a leer la bendici\u00f3n apost\u00f3lica que el Santo Padre Francisco ha otorgado a la Hermandad. Finalmente dos ex presidentas, D\u00aa. Camino L\u00f3pez Fern\u00e1ndez y D. Ana Isabel S\u00e1nchez Valbuena, realizaron una ofrenda floral a la imagen de santa Marta existente en una de las tablas pict\u00f3ricas que se hallan en la capilla de San Antonio, en la girola catedralicia.<\/p>\n<p>La celebraci\u00f3n ya puede visualizarse en el canal de Youtube de la Hermandad en el siguiente enlace:<br \/>\n<iframe title=\"Solemne Eucarist\u00eda de Acci\u00f3n de Gracias y apertura del LXXV aniversario fundacional\" width=\"800\" height=\"450\" src=\"https:\/\/www.youtube.com\/embed\/kCq7DcClVC4?feature=oembed\" frameborder=\"0\" allow=\"accelerometer; autoplay; clipboard-write; encrypted-media; gyroscope; picture-in-picture; web-share\" referrerpolicy=\"strict-origin-when-cross-origin\" allowfullscreen><\/iframe><\/p>\n","protected":false},"excerpt":{"rendered":"<p>e la alegr\u00eda\u201d, exhortando a todos los hermanos a \u201csentirse portadores de esa luz y capaces de transmitir como lo han hecho otros anteriormente\u201d. Al finalizar la Eucarist\u00eda, el Presidente de la Hermandad, D. Manuel Antonio Couso Sobrado, procedi\u00f3 a leer la bendici\u00f3n apost\u00f3lica que el Santo Padre Francisco ha otorgado a la Hermandad. Finalmente [&hellip;]<\/p>\n","protected":false},"author":1,"featured_media":0,"comment_status":"open","ping_status":"open","sticky":false,"template":"","format":"standard","meta":{"footnotes":""},"categories":[28],"tags":[],"class_list":["post-4678","post","type-post","status-publish","format-standard","hentry","category-historico"],"_links":{"self":[{"href":"https:\/\/pruebas.cursopracticoseo.com\/wordpress_o\/wp-json\/wp\/v2\/posts\/4678","targetHints":{"allow":["GET"]}}],"collection":[{"href":"https:\/\/pruebas.cursopracticoseo.com\/wordpress_o\/wp-json\/wp\/v2\/posts"}],"about":[{"href":"https:\/\/pruebas.cursopracticoseo.com\/wordpress_o\/wp-json\/wp\/v2\/types\/post"}],"author":[{"embeddable":true,"href":"https:\/\/pruebas.cursopracticoseo.com\/wordpress_o\/wp-json\/wp\/v2\/users\/1"}],"replies":[{"embeddable":true,"href":"https:\/\/pruebas.cursopracticoseo.com\/wordpress_o\/wp-json\/wp\/v2\/comments?post=4678"}],"version-history":[{"count":0,"href":"https:\/\/pruebas.cursopracticoseo.com\/wordpress_o\/wp-json\/wp\/v2\/posts\/4678\/revisions"}],"wp:attachment":[{"href":"https:\/\/pruebas.cursopracticoseo.com\/wordpress_o\/wp-json\/wp\/v2\/media?parent=4678"}],"wp:term":[{"taxonomy":"category","embeddable":true,"href":"https:\/\/pruebas.cursopracticoseo.com\/wordpress_o\/wp-json\/wp\/v2\/categories?post=4678"},{"taxonomy":"post_tag","embeddable":true,"href":"https:\/\/pruebas.cursopracticoseo.com\/wordpress_o\/wp-json\/wp\/v2\/tags?post=4678"}],"curies":[{"name":"wp","href":"https:\/\/api.w.org\/{rel}","templated":true}]}}