{"id":4676,"date":"2021-01-04T00:00:00","date_gmt":"2021-01-04T00:00:00","guid":{"rendered":"https:\/\/pruebas.cursopracticoseo.com\/wordpress_o\/celebracion-de-la-festividad-del-dulce-nombre-de-jesus\/"},"modified":"2021-01-04T00:00:00","modified_gmt":"2021-01-04T00:00:00","slug":"celebracion-de-la-festividad-del-dulce-nombre-de-jesus","status":"publish","type":"post","link":"https:\/\/pruebas.cursopracticoseo.com\/wordpress_o\/celebracion-de-la-festividad-del-dulce-nombre-de-jesus\/","title":{"rendered":"Celebraci\u00f3n de la Festividad del Dulce Nombre de Jes\u00fas"},"content":{"rendered":"<p>El pasado domingo, 3 de diciembre de 2020, se celebr\u00f3 la Solemne Eucarist\u00eda conmemorativa de la festividad del Dulce Nombre de Jes\u00fas, Titular de nuestra Cofrad\u00eda. A la finalizaci\u00f3n de la misma se rez\u00f3 un sentido responso por los hermanos fallecidos de la Cofrad\u00eda, concluyendo con el canto del Himno a Nuestro Padre Jes\u00fas Nazareno por parte de los asistentes.<\/p>\n<p>En el transcurso de la Eucarist\u00eda, adem\u00e1s, nuestro Director Nato, D. Manuel Santos Fl\u00e1ker Labanda, bendijo un nuevo estandarte de la Cofrad\u00eda, que presidir\u00e1 de ahora en adelante los actos de la Cofrad\u00eda siempre que la Junta de Seises as\u00ed lo estime, donaci\u00f3n de la familia Campo Fuertes y confeccionado por el hermano Juan Carlos Campo Salas.<br \/>\nLa obra consiste en un bordado de aplicaci\u00f3n sobre terciopelo negro, figurando en su parte central el emblema de la Cofrad\u00eda, enmarcado por una orla perimetral con motivos vegetales. Para su elaboraci\u00f3n se han utilizado materiales de gran calidad, con variedad de hilos y lentejuelas, as\u00ed como un tis\u00fa de oro y plata.<\/p>\n<p>Dada la imposibilidad de organizar otros actos para conmemorar tal efem\u00e9ride atendiendo a las restricciones vigentes, la Cofrad\u00eda ha querido complementar esta celebraci\u00f3n del Dulce Nombre de Jes\u00fas con la publicaci\u00f3n de la conferencia que, sobre el sentido y antecedentes de tal celebraci\u00f3n, imparti\u00f3 el Hno. Xuas\u00fas Gonz\u00e1lez en esta misma jornada el a\u00f1o pasado y que puede visualizarse en nuestro canal de youtube.<\/p>\n","protected":false},"excerpt":{"rendered":"<p>El pasado domingo, 3 de diciembre de 2020, se celebr\u00f3 la Solemne Eucarist\u00eda conmemorativa de la festividad del Dulce Nombre de Jes\u00fas, Titular de nuestra Cofrad\u00eda. A la finalizaci\u00f3n de la misma se rez\u00f3 un sentido responso por los hermanos fallecidos de la Cofrad\u00eda, concluyendo con el canto del Himno a Nuestro Padre Jes\u00fas Nazareno [&hellip;]<\/p>\n","protected":false},"author":1,"featured_media":0,"comment_status":"open","ping_status":"open","sticky":false,"template":"","format":"standard","meta":{"footnotes":""},"categories":[28],"tags":[],"class_list":["post-4676","post","type-post","status-publish","format-standard","hentry","category-historico"],"_links":{"self":[{"href":"https:\/\/pruebas.cursopracticoseo.com\/wordpress_o\/wp-json\/wp\/v2\/posts\/4676","targetHints":{"allow":["GET"]}}],"collection":[{"href":"https:\/\/pruebas.cursopracticoseo.com\/wordpress_o\/wp-json\/wp\/v2\/posts"}],"about":[{"href":"https:\/\/pruebas.cursopracticoseo.com\/wordpress_o\/wp-json\/wp\/v2\/types\/post"}],"author":[{"embeddable":true,"href":"https:\/\/pruebas.cursopracticoseo.com\/wordpress_o\/wp-json\/wp\/v2\/users\/1"}],"replies":[{"embeddable":true,"href":"https:\/\/pruebas.cursopracticoseo.com\/wordpress_o\/wp-json\/wp\/v2\/comments?post=4676"}],"version-history":[{"count":0,"href":"https:\/\/pruebas.cursopracticoseo.com\/wordpress_o\/wp-json\/wp\/v2\/posts\/4676\/revisions"}],"wp:attachment":[{"href":"https:\/\/pruebas.cursopracticoseo.com\/wordpress_o\/wp-json\/wp\/v2\/media?parent=4676"}],"wp:term":[{"taxonomy":"category","embeddable":true,"href":"https:\/\/pruebas.cursopracticoseo.com\/wordpress_o\/wp-json\/wp\/v2\/categories?post=4676"},{"taxonomy":"post_tag","embeddable":true,"href":"https:\/\/pruebas.cursopracticoseo.com\/wordpress_o\/wp-json\/wp\/v2\/tags?post=4676"}],"curies":[{"name":"wp","href":"https:\/\/api.w.org\/{rel}","templated":true}]}}