{"id":4673,"date":"2021-02-19T00:00:00","date_gmt":"2021-02-19T00:00:00","guid":{"rendered":"https:\/\/pruebas.cursopracticoseo.com\/wordpress_o\/concurso-de-dibujos-cofrades\/"},"modified":"2021-02-19T00:00:00","modified_gmt":"2021-02-19T00:00:00","slug":"concurso-de-dibujos-cofrades","status":"publish","type":"post","link":"https:\/\/pruebas.cursopracticoseo.com\/wordpress_o\/concurso-de-dibujos-cofrades\/","title":{"rendered":"CONCURSO DE DIBUJOS COFRADES"},"content":{"rendered":"<p>La Junta Mayor de la Semana Santa de Le\u00f3n y su grupo de J\u00f3venes Papones, colabora con la iniciativa de Pastoral Juvenil de nuestra Di\u00f3cesis, en la convocatoria de un concurso de dibujo infantil centrado en la Semana Santa, bajo el t\u00edtulo \u201cPapon\u00edn \u00bfqu\u00e9 es la Semana Santa para ti?<\/p>\n<p>En este concurso podr\u00e1n participar ni\u00f1as y ni\u00f1os de entre 4 y 12 a\u00f1os, siendo la recepci\u00f3n de los trabajos entre el 28 de febrero y el 22 de marzo del presente a\u00f1o. Los dibujos se enviar\u00e1n escaneados, al correo electr\u00f3nico hipodasilva@gmail.com \/ 626 24 57 83 (Roberto), indicando datos personales del participante y de sus padres, as\u00ed como un n\u00famero de tel\u00e9fono de contacto.<\/p>\n<p>Se establecen tres categor\u00edas por tramos de edad: De 4 a 6 a\u00f1os, de 7 a 9 a\u00f1os y de 10 a 12 a\u00f1os. El premio ser\u00e1 un diploma y productos cofrades que ser\u00e1n entregados por el Sr. Obispo. El acto se retransmitir\u00e1 por canales diocesanos y cofrades, d\u00e1ndose a conocer el ganador el Viernes de Dolores.<\/p>\n<p>El jurado estar\u00e1 compuesto por la Delegaci\u00f3n de Pastoral Juvenil, Grupo de J\u00f3venes Papones y Seminario Conciliar \u201cSan Froil\u00e1n\u201d.<\/p>\n","protected":false},"excerpt":{"rendered":"<p>La Junta Mayor de la Semana Santa de Le\u00f3n y su grupo de J\u00f3venes Papones, colabora con la iniciativa de Pastoral Juvenil de nuestra Di\u00f3cesis, en la convocatoria de un concurso de dibujo infantil centrado en la Semana Santa, bajo el t\u00edtulo \u201cPapon\u00edn \u00bfqu\u00e9 es la Semana Santa para ti? En este concurso podr\u00e1n participar [&hellip;]<\/p>\n","protected":false},"author":1,"featured_media":0,"comment_status":"open","ping_status":"open","sticky":false,"template":"","format":"standard","meta":{"footnotes":""},"categories":[28],"tags":[],"class_list":["post-4673","post","type-post","status-publish","format-standard","hentry","category-historico"],"_links":{"self":[{"href":"https:\/\/pruebas.cursopracticoseo.com\/wordpress_o\/wp-json\/wp\/v2\/posts\/4673","targetHints":{"allow":["GET"]}}],"collection":[{"href":"https:\/\/pruebas.cursopracticoseo.com\/wordpress_o\/wp-json\/wp\/v2\/posts"}],"about":[{"href":"https:\/\/pruebas.cursopracticoseo.com\/wordpress_o\/wp-json\/wp\/v2\/types\/post"}],"author":[{"embeddable":true,"href":"https:\/\/pruebas.cursopracticoseo.com\/wordpress_o\/wp-json\/wp\/v2\/users\/1"}],"replies":[{"embeddable":true,"href":"https:\/\/pruebas.cursopracticoseo.com\/wordpress_o\/wp-json\/wp\/v2\/comments?post=4673"}],"version-history":[{"count":0,"href":"https:\/\/pruebas.cursopracticoseo.com\/wordpress_o\/wp-json\/wp\/v2\/posts\/4673\/revisions"}],"wp:attachment":[{"href":"https:\/\/pruebas.cursopracticoseo.com\/wordpress_o\/wp-json\/wp\/v2\/media?parent=4673"}],"wp:term":[{"taxonomy":"category","embeddable":true,"href":"https:\/\/pruebas.cursopracticoseo.com\/wordpress_o\/wp-json\/wp\/v2\/categories?post=4673"},{"taxonomy":"post_tag","embeddable":true,"href":"https:\/\/pruebas.cursopracticoseo.com\/wordpress_o\/wp-json\/wp\/v2\/tags?post=4673"}],"curies":[{"name":"wp","href":"https:\/\/api.w.org\/{rel}","templated":true}]}}