{"id":4671,"date":"2021-02-19T00:00:00","date_gmt":"2021-02-19T00:00:00","guid":{"rendered":"https:\/\/pruebas.cursopracticoseo.com\/wordpress_o\/presentacion-del-cartel-de-semana-santa-dulce-nombre-de-jesus-nazareno\/"},"modified":"2021-02-19T00:00:00","modified_gmt":"2021-02-19T00:00:00","slug":"presentacion-del-cartel-de-semana-santa-dulce-nombre-de-jesus-nazareno","status":"publish","type":"post","link":"https:\/\/pruebas.cursopracticoseo.com\/wordpress_o\/presentacion-del-cartel-de-semana-santa-dulce-nombre-de-jesus-nazareno\/","title":{"rendered":"PRESENTACI\u00d3N DEL CARTEL DE SEMANA SANTA DULCE NOMBRE DE JES\u00daS NAZARENO"},"content":{"rendered":"<p>La Cofrad\u00eda del Dulce Nombre de Jes\u00fas Nazareno de Le\u00f3n ha presentado en el sal\u00f3n de actos del Museo Diocesano y de Semana Santa de Le\u00f3n el que ser\u00e1 su cartel de la Semana Santa 2021, obra gr\u00e1fica del hermano de la Cofrad\u00eda, Luis Miguel Robles Garc\u00eda.<\/p>\n<p>El acto ha contado con la presencia del Director Nato de la Cofrad\u00eda, D. Manuel Fl\u00e1ker Labanda, el Abad de la Cofrad\u00eda, Hno. Tom\u00e1s Castro Alonso y los miembros de la Junta de Seises, as\u00ed como de la concejala de promoci\u00f3n econ\u00f3mica del Ayto. de Le\u00f3n, D\u00aa. Susana Traves\u00ed, y ha sido retransmitido en directo a trav\u00e9s de los canales oficiales de la Cofrad\u00eda.<\/p>\n<p>El autor, Luis Miguel Robles Garc\u00eda, ha asegurado que \u201cno ha sido f\u00e1cil, teniendo en cuenta la realidad que vivimos, el poder componer una idea y armarse de ilusi\u00f3n, para crear una imagen que anunciara una Semana Santa que todos sabemos, ser\u00e1 distinta a la que nos gustar\u00eda\u201d y ha indicado que el sentido del cartel es el de \u201cbuscar en nuestros recuerdos\u201d.<\/p>\n<p>En palabras del autor, el cartel \u201cse compone de dos ilustraciones, que se funden en la imagen representada que se desarrolla en la calle Cardenal Land\u00e1zuri donde se contempla una panor\u00e1mica de la procesi\u00f3n de los Pasos\u201d<\/p>\n<p>La obra reproduce la imagen de Nuestro Padre Jes\u00fas Nazareno que \u201cqueda alineada con las torres de la Catedral\u201d y est\u00e1 trabajado con lapicero de cera, color sanguina, que el autor ha querido tratar \u201ccon un cierto misterio \u2026 y tambi\u00e9n minimizar el detalle, en una imagen vista a esa distancia\u201d que \u201cse funde y da paso a la ilustraci\u00f3n principal, la Madre Dolorosa, dibujada con diferentes lapiceros de grafito, trabajado solo su rostro, con peque\u00f1os sombreados y claroscuros, esbozando de forma inacabada las telas que la visten\u201d.<\/p>\n<p>El autor ha querido \u201crepresentar la imagen de la Virgen de la manera m\u00e1s sencilla, sin color, solo un dibujo de l\u00ednea, como si fuera un recuerdo, solo su belleza, su pena y la mirada fija en su hijo\u201d.<\/p>\n<p>La parte final del cartel, ha consistido en la composici\u00f3n de los textos \u201cacordes en colores y formas, buscando un equilibrio en todo el conjunto, dibujando con l\u00e1piz de color el emblema de la Cofrad\u00eda, en sinton\u00eda con todo el cartel\u201d en el que adem\u00e1s se incluye un peque\u00f1o texto del Stabat Mater, \u201cobra literaria del siglo XIII, cuya lectura nos deja un mensaje acerca del sufrimiento de la Virgen Mar\u00eda\u201d.<\/p>\n<p>Durante el acto de presentaci\u00f3n ha intervenido el violinista Miguel Mart\u00edn que ha interpretado el Himno a Nuestro Padre Jes\u00fas Nazareno y, para finalizar, el Ave Mar\u00eda de Schubert.<\/p>\n","protected":false},"excerpt":{"rendered":"<p>La Cofrad\u00eda del Dulce Nombre de Jes\u00fas Nazareno de Le\u00f3n ha presentado en el sal\u00f3n de actos del Museo Diocesano y de Semana Santa de Le\u00f3n el que ser\u00e1 su cartel de la Semana Santa 2021, obra gr\u00e1fica del hermano de la Cofrad\u00eda, Luis Miguel Robles Garc\u00eda. El acto ha contado con la presencia del [&hellip;]<\/p>\n","protected":false},"author":1,"featured_media":0,"comment_status":"open","ping_status":"open","sticky":false,"template":"","format":"standard","meta":{"footnotes":""},"categories":[28],"tags":[],"class_list":["post-4671","post","type-post","status-publish","format-standard","hentry","category-historico"],"_links":{"self":[{"href":"https:\/\/pruebas.cursopracticoseo.com\/wordpress_o\/wp-json\/wp\/v2\/posts\/4671","targetHints":{"allow":["GET"]}}],"collection":[{"href":"https:\/\/pruebas.cursopracticoseo.com\/wordpress_o\/wp-json\/wp\/v2\/posts"}],"about":[{"href":"https:\/\/pruebas.cursopracticoseo.com\/wordpress_o\/wp-json\/wp\/v2\/types\/post"}],"author":[{"embeddable":true,"href":"https:\/\/pruebas.cursopracticoseo.com\/wordpress_o\/wp-json\/wp\/v2\/users\/1"}],"replies":[{"embeddable":true,"href":"https:\/\/pruebas.cursopracticoseo.com\/wordpress_o\/wp-json\/wp\/v2\/comments?post=4671"}],"version-history":[{"count":0,"href":"https:\/\/pruebas.cursopracticoseo.com\/wordpress_o\/wp-json\/wp\/v2\/posts\/4671\/revisions"}],"wp:attachment":[{"href":"https:\/\/pruebas.cursopracticoseo.com\/wordpress_o\/wp-json\/wp\/v2\/media?parent=4671"}],"wp:term":[{"taxonomy":"category","embeddable":true,"href":"https:\/\/pruebas.cursopracticoseo.com\/wordpress_o\/wp-json\/wp\/v2\/categories?post=4671"},{"taxonomy":"post_tag","embeddable":true,"href":"https:\/\/pruebas.cursopracticoseo.com\/wordpress_o\/wp-json\/wp\/v2\/tags?post=4671"}],"curies":[{"name":"wp","href":"https:\/\/api.w.org\/{rel}","templated":true}]}}