{"id":4667,"date":"2021-03-02T00:00:00","date_gmt":"2021-03-02T00:00:00","guid":{"rendered":"https:\/\/pruebas.cursopracticoseo.com\/wordpress_o\/presentacion-de-carteles-de-semana-santa-2021-cofradia-de-las-siete-palabras-de-jesus-en-la-cruz\/"},"modified":"2021-03-02T00:00:00","modified_gmt":"2021-03-02T00:00:00","slug":"presentacion-de-carteles-de-semana-santa-2021-cofradia-de-las-siete-palabras-de-jesus-en-la-cruz","status":"publish","type":"post","link":"https:\/\/pruebas.cursopracticoseo.com\/wordpress_o\/presentacion-de-carteles-de-semana-santa-2021-cofradia-de-las-siete-palabras-de-jesus-en-la-cruz\/","title":{"rendered":"PRESENTACI\u00d3N DE CARTELES DE SEMANA SANTA 2021 &#8211; COFRAD\u00cdA DE LAS SIETE PALABRAS DE JES\u00daS EN LA CRUZ"},"content":{"rendered":"<p>El s\u00e1bado 27 de febrero, la Cofrad\u00eda de las Siete Palabras de Jes\u00fas en la Cruz, a los pies del Sant\u00edsimo Cristo de los Balderas, present\u00f3 los carteles anunciadores de los actos que organizar\u00e1 en la Semana Santa 2021.<\/p>\n<p>El cartel oficial que anuncia los actos que organiza en la tarde del Viernes Santo es un magn\u00edfico montaje de D. Seba Cervantes, que ha realizado con instant\u00e1neas de diferentes detalles muy caracter\u00edsticos que representan a nuestra Cofrad\u00eda.<\/p>\n<p>Continuando con la novedad del a\u00f1o pasado, la Penitencial de terciopelo tambi\u00e9n ha querido presentar un segundo cartel, obra de Pablo Lanchares, correspondiente a los actos que transcurren en la noche del Mi\u00e9rcoles Santo, El Solemne V\u00eda Crucis<br \/>\nProcesional, y en la ma\u00f1ana del Jueves Santo, El Preg\u00f3n a Caballo.<\/p>\n<p>El acto tambi\u00e9n cont\u00f3 con la participaci\u00f3n de la poetisa leonesa D\u00f1a. Julia Conejo y el acompa\u00f1amiento musical de D. H\u00e9ctor Vi\u00f1uela.<\/p>\n","protected":false},"excerpt":{"rendered":"<p>El s\u00e1bado 27 de febrero, la Cofrad\u00eda de las Siete Palabras de Jes\u00fas en la Cruz, a los pies del Sant\u00edsimo Cristo de los Balderas, present\u00f3 los carteles anunciadores de los actos que organizar\u00e1 en la Semana Santa 2021. El cartel oficial que anuncia los actos que organiza en la tarde del Viernes Santo es [&hellip;]<\/p>\n","protected":false},"author":1,"featured_media":0,"comment_status":"open","ping_status":"open","sticky":false,"template":"","format":"standard","meta":{"footnotes":""},"categories":[28],"tags":[],"class_list":["post-4667","post","type-post","status-publish","format-standard","hentry","category-historico"],"_links":{"self":[{"href":"https:\/\/pruebas.cursopracticoseo.com\/wordpress_o\/wp-json\/wp\/v2\/posts\/4667","targetHints":{"allow":["GET"]}}],"collection":[{"href":"https:\/\/pruebas.cursopracticoseo.com\/wordpress_o\/wp-json\/wp\/v2\/posts"}],"about":[{"href":"https:\/\/pruebas.cursopracticoseo.com\/wordpress_o\/wp-json\/wp\/v2\/types\/post"}],"author":[{"embeddable":true,"href":"https:\/\/pruebas.cursopracticoseo.com\/wordpress_o\/wp-json\/wp\/v2\/users\/1"}],"replies":[{"embeddable":true,"href":"https:\/\/pruebas.cursopracticoseo.com\/wordpress_o\/wp-json\/wp\/v2\/comments?post=4667"}],"version-history":[{"count":0,"href":"https:\/\/pruebas.cursopracticoseo.com\/wordpress_o\/wp-json\/wp\/v2\/posts\/4667\/revisions"}],"wp:attachment":[{"href":"https:\/\/pruebas.cursopracticoseo.com\/wordpress_o\/wp-json\/wp\/v2\/media?parent=4667"}],"wp:term":[{"taxonomy":"category","embeddable":true,"href":"https:\/\/pruebas.cursopracticoseo.com\/wordpress_o\/wp-json\/wp\/v2\/categories?post=4667"},{"taxonomy":"post_tag","embeddable":true,"href":"https:\/\/pruebas.cursopracticoseo.com\/wordpress_o\/wp-json\/wp\/v2\/tags?post=4667"}],"curies":[{"name":"wp","href":"https:\/\/api.w.org\/{rel}","templated":true}]}}