{"id":4666,"date":"2021-03-05T00:00:00","date_gmt":"2021-03-05T00:00:00","guid":{"rendered":"https:\/\/pruebas.cursopracticoseo.com\/wordpress_o\/x-jornada-de-la-biblioteca-cofrade-de-las-bienaventuranza\/"},"modified":"2021-03-05T00:00:00","modified_gmt":"2021-03-05T00:00:00","slug":"x-jornada-de-la-biblioteca-cofrade-de-las-bienaventuranza","status":"publish","type":"post","link":"https:\/\/pruebas.cursopracticoseo.com\/wordpress_o\/x-jornada-de-la-biblioteca-cofrade-de-las-bienaventuranza\/","title":{"rendered":"X JORNADA DE LA BIBLIOTECA COFRADE DE LAS BIENAVENTURANZA"},"content":{"rendered":"<p>La Cofrad\u00eda del Santo Cristo de la Bienaventuranza de Le\u00f3n organiza, un a\u00f1o m\u00e1s, su Jornada de la Biblioteca Cofrade que, en este a\u00f1o 2021, alcanza su d\u00e9cima edici\u00f3n. En esta ocasi\u00f3n, y debido a la covid-19, se llevar\u00e1 a cabo una \u00fanica sesi\u00f3n, titulada \u00abRedes sociales cofrades\u00bb, que tendr\u00e1 lugar el viernes, 5 de marzo, a las 20:30 horas, y se podr\u00e1 seguir a trav\u00e9s de la p\u00e1gina de Facebook y del canal de YouTube de la penitencial con sede en San Claudio.<\/p>\n<p>Moderada por Jos\u00e9 Antonio Fern\u00e1ndez Ramos, la mesa redonda se centrar\u00e1 en el papel que desempe\u00f1an las redes sociales relacionadas con el mundo semanasantero. En ella participar\u00e1n Patricio Garc\u00eda, responsable de las redes sociales de la Cofrad\u00eda del Sepulcro, y tambi\u00e9n del grupo de J\u00f3venes Papones; Adri\u00e1n Mart\u00edn Garrido, encargado de las de la Cofrad\u00eda de la Redenci\u00f3n; David Garc\u00eda Iglesias, que mantiene la cuenta de Instagram de la Cofrad\u00eda del Desenclavo; e Ignacio Gonz\u00e1lez, que se encuentra al frente de las redes sociales de la Cofrad\u00eda de la Bienaventuranza.<\/p>\n","protected":false},"excerpt":{"rendered":"<p>La Cofrad\u00eda del Santo Cristo de la Bienaventuranza de Le\u00f3n organiza, un a\u00f1o m\u00e1s, su Jornada de la Biblioteca Cofrade que, en este a\u00f1o 2021, alcanza su d\u00e9cima edici\u00f3n. En esta ocasi\u00f3n, y debido a la covid-19, se llevar\u00e1 a cabo una \u00fanica sesi\u00f3n, titulada \u00abRedes sociales cofrades\u00bb, que tendr\u00e1 lugar el viernes, 5 de [&hellip;]<\/p>\n","protected":false},"author":1,"featured_media":0,"comment_status":"open","ping_status":"open","sticky":false,"template":"","format":"standard","meta":{"footnotes":""},"categories":[28],"tags":[],"class_list":["post-4666","post","type-post","status-publish","format-standard","hentry","category-historico"],"_links":{"self":[{"href":"https:\/\/pruebas.cursopracticoseo.com\/wordpress_o\/wp-json\/wp\/v2\/posts\/4666","targetHints":{"allow":["GET"]}}],"collection":[{"href":"https:\/\/pruebas.cursopracticoseo.com\/wordpress_o\/wp-json\/wp\/v2\/posts"}],"about":[{"href":"https:\/\/pruebas.cursopracticoseo.com\/wordpress_o\/wp-json\/wp\/v2\/types\/post"}],"author":[{"embeddable":true,"href":"https:\/\/pruebas.cursopracticoseo.com\/wordpress_o\/wp-json\/wp\/v2\/users\/1"}],"replies":[{"embeddable":true,"href":"https:\/\/pruebas.cursopracticoseo.com\/wordpress_o\/wp-json\/wp\/v2\/comments?post=4666"}],"version-history":[{"count":0,"href":"https:\/\/pruebas.cursopracticoseo.com\/wordpress_o\/wp-json\/wp\/v2\/posts\/4666\/revisions"}],"wp:attachment":[{"href":"https:\/\/pruebas.cursopracticoseo.com\/wordpress_o\/wp-json\/wp\/v2\/media?parent=4666"}],"wp:term":[{"taxonomy":"category","embeddable":true,"href":"https:\/\/pruebas.cursopracticoseo.com\/wordpress_o\/wp-json\/wp\/v2\/categories?post=4666"},{"taxonomy":"post_tag","embeddable":true,"href":"https:\/\/pruebas.cursopracticoseo.com\/wordpress_o\/wp-json\/wp\/v2\/tags?post=4666"}],"curies":[{"name":"wp","href":"https:\/\/api.w.org\/{rel}","templated":true}]}}