{"id":4665,"date":"2021-03-09T00:00:00","date_gmt":"2021-03-09T00:00:00","guid":{"rendered":"https:\/\/pruebas.cursopracticoseo.com\/wordpress_o\/una-historia-contada-en-cinco-siglos\/"},"modified":"2021-03-09T00:00:00","modified_gmt":"2021-03-09T00:00:00","slug":"una-historia-contada-en-cinco-siglos","status":"publish","type":"post","link":"https:\/\/pruebas.cursopracticoseo.com\/wordpress_o\/una-historia-contada-en-cinco-siglos\/","title":{"rendered":"UNA HISTORIA CONTADA EN CINCO SIGLOS"},"content":{"rendered":"<p>La Cofrad\u00eda del Dulce Nombre de Jes\u00fas Nazareno organiza la Jornada \u201cUna Historia Contada en Cinco Siglos\u201d, convocada ya el a\u00f1o pasado y que tuvo que ser aplazada por los motivos por todos conocidos.<\/p>\n<p>El programa de la jornada, que se celebrar\u00e1 en el Museo Diocesano y de Semana Santa de Le\u00f3n el pr\u00f3ximo s\u00e1bado d\u00eda 13 de marzo, se ha establecido de la siguiente manera:<\/p>\n<p>ENTREGA DE GALARDONES DEL CERTAMEN #YODIBUJOENCASA<br \/>\n11:30 Sal\u00f3n de Actos y Patio del Museo (Acceso limitado a los participantes y acompa\u00f1antes).<\/p>\n<p>CON PASI\u00d3N DESDE PEQUE\u00d1OS<br \/>\n12:00 Sal\u00f3n de Actos. Acceso limitado por motivos de seguridad. (Se requiere confirmaci\u00f3n de asistencia en el correo electr\u00f3nico web@jhsleon.com. Las plazas se adjudicar\u00e1n por estricto orden de recepci\u00f3n de los correos.)<\/p>\n<p>UNA HISTORIA CONTADA EN CINCO SIGLOS<br \/>\n18:00 Presentaci\u00f3n.<br \/>\n18:45 Actuaci\u00f3n Musical.<br \/>\n19:05 Presentaci\u00f3n Novedades de la Cofrad\u00eda.<br \/>\n19:20 Mesa redonda: La Cofrad\u00eda de Jes\u00fas: pasado, presente y futuro.<br \/>\n20:00 Entrega de reconocimientos.<\/p>\n<p>Para asistir de forma presencial es necesario inscribirse enviando un correo electr\u00f3nico a prensa@jhsleon.com. Las plazas se adjudicar\u00e1n por estricto orden de recepci\u00f3n de los correos, teniendo en cuenta el aforo limitado seg\u00fan la normativa vigente de prevenci\u00f3n del COVID-19. Se ruega a los asistentes que acudan con suficiente antelaci\u00f3n, para poder realizar las pruebas de control de temperatura y rellenar la documentaci\u00f3n de registro de asistencia.<\/p>\n<p>Dadas las restricciones de aforo, los actos podr\u00e1n seguirse a trav\u00e9s del enlace que se publicar\u00e1 en las redes sociales y en las plataformas digitales de la Cofrad\u00eda.<\/p>\n","protected":false},"excerpt":{"rendered":"<p>La Cofrad\u00eda del Dulce Nombre de Jes\u00fas Nazareno organiza la Jornada \u201cUna Historia Contada en Cinco Siglos\u201d, convocada ya el a\u00f1o pasado y que tuvo que ser aplazada por los motivos por todos conocidos. El programa de la jornada, que se celebrar\u00e1 en el Museo Diocesano y de Semana Santa de Le\u00f3n el pr\u00f3ximo s\u00e1bado [&hellip;]<\/p>\n","protected":false},"author":1,"featured_media":0,"comment_status":"open","ping_status":"open","sticky":false,"template":"","format":"standard","meta":{"footnotes":""},"categories":[28],"tags":[],"class_list":["post-4665","post","type-post","status-publish","format-standard","hentry","category-historico"],"_links":{"self":[{"href":"https:\/\/pruebas.cursopracticoseo.com\/wordpress_o\/wp-json\/wp\/v2\/posts\/4665","targetHints":{"allow":["GET"]}}],"collection":[{"href":"https:\/\/pruebas.cursopracticoseo.com\/wordpress_o\/wp-json\/wp\/v2\/posts"}],"about":[{"href":"https:\/\/pruebas.cursopracticoseo.com\/wordpress_o\/wp-json\/wp\/v2\/types\/post"}],"author":[{"embeddable":true,"href":"https:\/\/pruebas.cursopracticoseo.com\/wordpress_o\/wp-json\/wp\/v2\/users\/1"}],"replies":[{"embeddable":true,"href":"https:\/\/pruebas.cursopracticoseo.com\/wordpress_o\/wp-json\/wp\/v2\/comments?post=4665"}],"version-history":[{"count":0,"href":"https:\/\/pruebas.cursopracticoseo.com\/wordpress_o\/wp-json\/wp\/v2\/posts\/4665\/revisions"}],"wp:attachment":[{"href":"https:\/\/pruebas.cursopracticoseo.com\/wordpress_o\/wp-json\/wp\/v2\/media?parent=4665"}],"wp:term":[{"taxonomy":"category","embeddable":true,"href":"https:\/\/pruebas.cursopracticoseo.com\/wordpress_o\/wp-json\/wp\/v2\/categories?post=4665"},{"taxonomy":"post_tag","embeddable":true,"href":"https:\/\/pruebas.cursopracticoseo.com\/wordpress_o\/wp-json\/wp\/v2\/tags?post=4665"}],"curies":[{"name":"wp","href":"https:\/\/api.w.org\/{rel}","templated":true}]}}